{"id":5318,"date":"2021-05-21T10:36:00","date_gmt":"2021-05-21T08:36:00","guid":{"rendered":"https:\/\/smartcity.bamberg.de\/neuigkeiten\/die-smart-city-bamberg-nimmt-fahrt-auf\/"},"modified":"2026-01-29T16:08:50","modified_gmt":"2026-01-29T15:08:50","slug":"die-smart-city-bamberg-nimmt-fahrt-auf","status":"publish","type":"post","link":"https:\/\/smartcity.bamberg.de\/en\/die-smart-city-bamberg-nimmt-fahrt-auf\/","title":{"rendered":"Die Smart City Bamberg nimmt Fahrt auf"},"content":{"rendered":"<section class=\"container-fluid bg-white px-0 pt-5 pt-md-5\">\n                    <div class=\"container px-3\">\n<p>Die Startveranstaltung ist auf gro\u00dfe Resonanz gesto\u00dfen!<\/p>\n<\/div>\n                <\/section>\n\n<section class=\"container-fluid bg-white px-0 pt-5 pt-md-5\">\n                    <div class=\"container px-3\">\n<p>Am 20.05.2021 startete die B\u00fcrgerbeteiligung des Programms \u201eSmart City Bamberg\u201c mit \u00fcber 140 Teilnehmenden in einer Online-Veranstaltung. Im Herbst 2020 hatte Bamberg die Zusage f\u00fcr die F\u00f6rdermittel in H\u00f6he von 17,5 Mio. \u20ac vom Bundesministerium des Inneren erhalten.<\/p>\n<\/div>\n                <\/section>\n\n\n<!--more-->\n\n\n<section class=\"container-fluid bg-white px-0 pt-5 pt-md-5\">\n                    <div class=\"container px-3\">\n<p>Im Mittelpunkt standen die vielf\u00e4ltigen M\u00f6glichkeiten f\u00fcr die Bewohner:innen, um ihre Ideen einzubringen und mit anderen Interessierten in den Austausch zu kommen. Die Bamberger Kabarettistin Heidi Friedrich hat durch den kurzweiligen Abend gef\u00fchrt. Ihre Gespr\u00e4chspartner waren B\u00fcrgermeister Jonas Gl\u00fcsenkamp, Wirtschaftsreferent Dr. Stefan Goller, Werner Burghart vom Netzwerk \u201eTransition Bamberg\u201c und Smart City-Programmleiter Sascha G\u00f6tz. Um sich der Frage \u201eWie sieht ein smartes Bamberg f\u00fcr uns alle aus?\u201c zu n\u00e4hern, werden ab sofort zwei Plattformen angeboten: <a rel=\"noreferrer noopener\" href=\"http:\/\/www.bamberg-gestalten.de\" target=\"_blank\">http:\/\/www.bamberg-gestalten.de<\/a> pr\u00e4sentiert neben anderen st\u00e4dtischen Themen die bereits laufenden Projekte und bietet Platz f\u00fcr Diskussionen. Daneben steht das Netzwerk Intrakommuna <a rel=\"noreferrer noopener\" href=\"https:\/\/bamberg-buerger.intrakommuna.net\" target=\"_blank\">https:\/\/bamberg-buerger.intrakommuna.net<\/a>, in dem alle Bamberger:innen eigene Projektideen einstellen und sich zur Zusammenarbeit vernetzen k\u00f6nnen. Zus\u00e4tzlich zu diesen Online-Formaten kommen Multiplikator:innen zum Einsatz, die pers\u00f6nlich Kontakt zu Vereinen, Initiativen und Nachbarschaftsnetzwerken aufnehmen und zum Mitmachen einzuladen. <\/p>\n<\/div>\n                <\/section>\n\n<section class=\"container-fluid bg-white px-0 pt-5 pt-md-5\">\n                    <div class=\"container px-3\">\n<p>Die gesamte Veranstaltung steht zum Nachschauen auf dem YouTube der Smart City Bamberg unter <a rel=\"noreferrer noopener\" href=\"https:\/\/youtu.be\/095yKmuLjjM\" target=\"_blank\">https:\/\/youtu.be\/095yKmuLjjM<\/a> bereit.<\/p>\n<\/div>\n                <\/section>","protected":false},"excerpt":{"rendered":"<p>140 Teilnehmende bei der Online-Veranstaltung zur B\u00fcrgerbeteiligung im Programm SCB<\/p>\n","protected":false},"author":1,"featured_media":6514,"comment_status":"open","ping_status":"open","sticky":false,"template":"","format":"standard","meta":{"_acf_changed":false,"footnotes":""},"categories":[169,121],"class_list":["post-5318","post","type-post","status-publish","format-standard","has-post-thumbnail","hentry","category-beteiligung","category-programm-smart-city-2"],"acf":[],"_links":{"self":[{"href":"https:\/\/smartcity.bamberg.de\/en\/wp-json\/wp\/v2\/posts\/5318","targetHints":{"allow":["GET"]}}],"collection":[{"href":"https:\/\/smartcity.bamberg.de\/en\/wp-json\/wp\/v2\/posts"}],"about":[{"href":"https:\/\/smartcity.bamberg.de\/en\/wp-json\/wp\/v2\/types\/post"}],"author":[{"embeddable":true,"href":"https:\/\/smartcity.bamberg.de\/en\/wp-json\/wp\/v2\/users\/1"}],"replies":[{"embeddable":true,"href":"https:\/\/smartcity.bamberg.de\/en\/wp-json\/wp\/v2\/comments?post=5318"}],"version-history":[{"count":2,"href":"https:\/\/smartcity.bamberg.de\/en\/wp-json\/wp\/v2\/posts\/5318\/revisions"}],"predecessor-version":[{"id":6905,"href":"https:\/\/smartcity.bamberg.de\/en\/wp-json\/wp\/v2\/posts\/5318\/revisions\/6905"}],"wp:featuredmedia":[{"embeddable":true,"href":"https:\/\/smartcity.bamberg.de\/en\/wp-json\/wp\/v2\/media\/6514"}],"wp:attachment":[{"href":"https:\/\/smartcity.bamberg.de\/en\/wp-json\/wp\/v2\/media?parent=5318"}],"wp:term":[{"taxonomy":"category","embeddable":true,"href":"https:\/\/smartcity.bamberg.de\/en\/wp-json\/wp\/v2\/categories?post=5318"}],"curies":[{"name":"wp","href":"https:\/\/api.w.org\/{rel}","templated":true}]}}