{"id":5326,"date":"2021-06-16T14:32:25","date_gmt":"2021-06-16T12:32:25","guid":{"rendered":"https:\/\/smartcity.bamberg.de\/neuigkeiten\/tvo-beitrag-zu-unserer-smart-city-bamberg\/"},"modified":"2026-01-29T08:29:10","modified_gmt":"2026-01-29T07:29:10","slug":"tvo-beitrag-zu-unserer-smart-city-bamberg","status":"publish","type":"post","link":"https:\/\/smartcity.bamberg.de\/en\/tvo-beitrag-zu-unserer-smart-city-bamberg\/","title":{"rendered":"TVO-Beitrag zu unserer Smart City Bamberg"},"content":{"rendered":"\n<figure class=\"wp-block-video\"><video controls src=\"https:\/\/smartcity.bamberg.de\/wp-content\/uploads\/2021\/06\/TVO-Dr-Goller.mp4\"><\/video><figcaption class=\"wp-element-caption\">Dr. Stefan Goller erkl\u00e4rt in diesem TVO-Beitrag die Grundz\u00fcge der Smart City Strategie Bambergs!<\/figcaption><\/figure>\n\n\n<section class=\"container-fluid bg-white px-0 pt-5 pt-md-5\">\n                    <div class=\"container px-3\">\n<p>Eine Smart City will mithilfe von intelligenten L\u00f6sungen mittels der Nutzung digitaler Technik in breiten Bev\u00f6lkerungsschichten einer Stadtgesellschaft eine Erh\u00f6hung der Lebensqualit\u00e4t vorantreiben. Diese und \u00e4hnliche Inhalte rund um Smart City Bamberg und den smarten Projekten erkl\u00e4rt Dr. Stefan Goller, Referent f\u00fcr Wirtschaft, Beteiligungen und Digitalisierung in der Stadt Bamberg, im Interview mit TV Oberfranken.<\/p>\n<\/div>\n                <\/section>","protected":false},"excerpt":{"rendered":"<p>Wirtschaftsreferent Dr. Stefan Goller berichtet \u00fcber die Smart City Strategie<\/p>\n","protected":false},"author":1,"featured_media":6447,"comment_status":"open","ping_status":"open","sticky":false,"template":"","format":"standard","meta":{"_acf_changed":false,"footnotes":""},"categories":[121],"class_list":["post-5326","post","type-post","status-publish","format-standard","has-post-thumbnail","hentry","category-programm-smart-city-2"],"acf":[],"_links":{"self":[{"href":"https:\/\/smartcity.bamberg.de\/en\/wp-json\/wp\/v2\/posts\/5326","targetHints":{"allow":["GET"]}}],"collection":[{"href":"https:\/\/smartcity.bamberg.de\/en\/wp-json\/wp\/v2\/posts"}],"about":[{"href":"https:\/\/smartcity.bamberg.de\/en\/wp-json\/wp\/v2\/types\/post"}],"author":[{"embeddable":true,"href":"https:\/\/smartcity.bamberg.de\/en\/wp-json\/wp\/v2\/users\/1"}],"replies":[{"embeddable":true,"href":"https:\/\/smartcity.bamberg.de\/en\/wp-json\/wp\/v2\/comments?post=5326"}],"version-history":[{"count":2,"href":"https:\/\/smartcity.bamberg.de\/en\/wp-json\/wp\/v2\/posts\/5326\/revisions"}],"predecessor-version":[{"id":6902,"href":"https:\/\/smartcity.bamberg.de\/en\/wp-json\/wp\/v2\/posts\/5326\/revisions\/6902"}],"wp:featuredmedia":[{"embeddable":true,"href":"https:\/\/smartcity.bamberg.de\/en\/wp-json\/wp\/v2\/media\/6447"}],"wp:attachment":[{"href":"https:\/\/smartcity.bamberg.de\/en\/wp-json\/wp\/v2\/media?parent=5326"}],"wp:term":[{"taxonomy":"category","embeddable":true,"href":"https:\/\/smartcity.bamberg.de\/en\/wp-json\/wp\/v2\/categories?post=5326"}],"curies":[{"name":"wp","href":"https:\/\/api.w.org\/{rel}","templated":true}]}}