{"id":5350,"date":"2021-07-27T07:39:02","date_gmt":"2021-07-27T05:39:02","guid":{"rendered":"https:\/\/smartcity.bamberg.de\/neuigkeiten\/smart-city-analog-veranstaltungstipp\/"},"modified":"2026-01-27T14:52:09","modified_gmt":"2026-01-27T13:52:09","slug":"smart-city-analog-veranstaltungstipp","status":"publish","type":"post","link":"https:\/\/smartcity.bamberg.de\/en\/smart-city-analog-veranstaltungstipp\/","title":{"rendered":"Smart City Analog &#8211; Veranstaltungstipp!"},"content":{"rendered":"<section class=\"container-fluid bg-white px-0 pt-5 pt-md-5\">\n                    <div class=\"container px-3\">\n<p>Nach der offiziellen Auftaktveranstaltung vom 20. Mai 2021 via Youtube geht das Smart City Bamberg-Team nun einen Schritt weiter, um auch wirkliche die ganze Stadtgesellschaft aktiv mit einzubeziehen. Am <strong>10.08.21<\/strong> wird die aufgezeichnete Veranstaltung, die aufgrund von Covid-19 nur online stattfinden konnte, im KUFA-Saal in der Kulturfabrik in Bamberg gezeigt.<\/p>\n<\/div>\n                <\/section>\n\n\n<!--more-->\n\n\n<section class=\"container-fluid bg-white px-0 pt-5 pt-md-5\">\n                    <div class=\"container px-3\">\n<p>Da f\u00fcr manche B\u00fcrger:innen die Teilnahme an Online-Veranstaltungen noch immer ungewohnt ist, ist es Smart City ein besonders Anliegen alle nochmal ganz analog und pers\u00f6nlich einzuladen. &nbsp;Schlie\u00dflich muss smart nicht immer gleich digital bedeuten. Der Eintritt ist kostenlos und kommen d\u00fcrfen alle, die wissen wollen, was Smart City Bamberg eigentlich genau ist und wie man sich an der Gestaltung der digitalen Zukunft der Stadt auch ganz ohne technische Kenntnisse beteiligen kann.<\/p>\n<\/div>\n                <\/section>\n\n<section class=\"container-fluid bg-white px-0 pt-5 pt-md-5\">\n                    <div class=\"container px-3\">\n<p>Los geht es um 18 Uhr, Einlass ist bereits ab 17:30 Uhr. Nach der Filmvorf\u00fchrung gibt es au\u00dferdem die M\u00f6glichkeit in einer Gespr\u00e4chsrunde Fragen an den Wirtschaftsreferenten der Stadt Dr. Stefan Goller sowie an das Smart City-Team Bamberg zu stellen. Gemeinsam lassen wir den Abend mit leckeren Snacks und Getr\u00e4nken ausklingen.<\/p>\n<\/div>\n                <\/section>\n\n<section class=\"container-fluid bg-white px-0 pt-5 pt-md-5\">\n                    <div class=\"container px-3\">\n<p><strong>Anmeldungen zur Veranstaltung: <a href=\"https:\/\/www.eventbrite.de\/e\/smart-city-analog-auftaktveranstaltung-in-der-kufa-tickets-162793312179\">Smart City Analog &#8211; Auftaktveranstaltung in der Kufa Tickets, Di, 10.08.2021 um 18:00 Uhr | Eventbrite<\/a><\/strong><\/p>\n<\/div>\n                <\/section>\n\n<section class=\"container-fluid bg-white px-0 pt-5 pt-md-5\">\n                    <div class=\"container px-3\">\n<p>Wer es an diesem Abend nicht zu der Veranstaltung schafft, aber trotzdem gerne mal ganz analog \u00fcber das Programm sprechen m\u00f6chte, kann sich beim Team Smart City melden. Die Multiplikator:innen des Programms sind bereits in ganz Bamberg im Einsatz, um Kontakt zu Vereinen, Initiativen und Nachbarschaftsnetzwerken aufzunehmen sowie pers\u00f6nlich zum Mitmachen einzuladen. Melden Sie sich gerne unter der oben angegebenen Mail-Adresse oder Telefonnummer.<\/p>\n<\/div>\n                <\/section>","protected":false},"excerpt":{"rendered":"<p>Auftaktveranstaltung zum Programm SCB am 10.08.2021<\/p>\n","protected":false},"author":1,"featured_media":6381,"comment_status":"open","ping_status":"open","sticky":false,"template":"","format":"standard","meta":{"_acf_changed":false,"footnotes":""},"categories":[121,150],"class_list":["post-5350","post","type-post","status-publish","format-standard","has-post-thumbnail","hentry","category-programm-smart-city-2","category-veranstaltungen"],"acf":[],"_links":{"self":[{"href":"https:\/\/smartcity.bamberg.de\/en\/wp-json\/wp\/v2\/posts\/5350","targetHints":{"allow":["GET"]}}],"collection":[{"href":"https:\/\/smartcity.bamberg.de\/en\/wp-json\/wp\/v2\/posts"}],"about":[{"href":"https:\/\/smartcity.bamberg.de\/en\/wp-json\/wp\/v2\/types\/post"}],"author":[{"embeddable":true,"href":"https:\/\/smartcity.bamberg.de\/en\/wp-json\/wp\/v2\/users\/1"}],"replies":[{"embeddable":true,"href":"https:\/\/smartcity.bamberg.de\/en\/wp-json\/wp\/v2\/comments?post=5350"}],"version-history":[{"count":2,"href":"https:\/\/smartcity.bamberg.de\/en\/wp-json\/wp\/v2\/posts\/5350\/revisions"}],"predecessor-version":[{"id":6769,"href":"https:\/\/smartcity.bamberg.de\/en\/wp-json\/wp\/v2\/posts\/5350\/revisions\/6769"}],"wp:featuredmedia":[{"embeddable":true,"href":"https:\/\/smartcity.bamberg.de\/en\/wp-json\/wp\/v2\/media\/6381"}],"wp:attachment":[{"href":"https:\/\/smartcity.bamberg.de\/en\/wp-json\/wp\/v2\/media?parent=5350"}],"wp:term":[{"taxonomy":"category","embeddable":true,"href":"https:\/\/smartcity.bamberg.de\/en\/wp-json\/wp\/v2\/categories?post=5350"}],"curies":[{"name":"wp","href":"https:\/\/api.w.org\/{rel}","templated":true}]}}