{"id":5407,"date":"2021-11-17T13:21:18","date_gmt":"2021-11-17T12:21:18","guid":{"rendered":"https:\/\/smartcity.bamberg.de\/neuigkeiten\/scangov-gesundheit-am-arbeitsplatz\/"},"modified":"2026-01-27T14:46:56","modified_gmt":"2026-01-27T13:46:56","slug":"scangov-gesundheit-am-arbeitsplatz","status":"publish","type":"post","link":"https:\/\/smartcity.bamberg.de\/en\/scangov-gesundheit-am-arbeitsplatz\/","title":{"rendered":"ScanGov: Gesundheit am Arbeitsplatz"},"content":{"rendered":"\n<!--more-->\n\n\n<section class=\"container-fluid bg-white p-0 pt-5 pt-md-5\">\n                    <div class=\"container p-5 p-3 pb-0\">\n<h2 class=\"wp-block-heading\" class=\"mb-0\">Beteiligte<\/h2>\n<\/div>\n                <\/section>\n\n<section class=\"container-fluid bg-white px-0 pt-5 pt-md-5\">\n                    <div class=\"container px-3\">\n<p>Prof. Dr. Judith Volmer (Professur f\u00fcr Arbeits- und Organisationspsychologie)<\/p>\n<\/div>\n                <\/section>\n\n<section class=\"container-fluid bg-white px-0 pt-5 pt-md-5\">\n                    <div class=\"container px-3\">\n<p>Prof. Dr. Daniela Nicklas (Lehrstuhl f\u00fcr Informatik, insbesondere Mobile Softwaresysteme\/Mobilit\u00e4t) \u2013 beratende Funktion<\/p>\n<\/div>\n                <\/section>\n\n<section class=\"container-fluid bg-white px-0 pt-5 pt-md-5\">\n                    <div class=\"container px-3\">\n<p><\/p>\n<\/div>\n                <\/section>\n\n<section class=\"container-fluid bg-white p-0 pt-5 pt-md-5\">\n                    <div class=\"container p-5 p-3 pb-0\">\n<h2 class=\"wp-block-heading\" class=\"mb-0\">Kurzbeschreibung<\/h2>\n<\/div>\n                <\/section>\n\n<section class=\"container-fluid bg-white px-0 pt-5 pt-md-5\">\n                    <div class=\"container px-3\">\n<p>Heutzutage gibt es viele M\u00f6glichkeiten, \u00fcber Apps und smarte Technologien die eigenen T\u00e4tigkeiten zu erfassen, angefangen bei einfachen Schrittz\u00e4hlern bis zur Dokumentation k\u00f6rperlicher Abl\u00e4ufe wie der Herzfrequenz und dem Schlaf. Es ist jedoch noch wenig dar\u00fcber bekannt, wie die <strong>Digitalisierung von Arbeitspl\u00e4tzen<\/strong> mit der Gesundheit von Besch\u00e4ftigten zusammenh\u00e4ngt. Wir m\u00f6chten daher in einer Studie Besch\u00e4ftigte in ihrem B\u00fcroalltag begleiten, um mehr \u00fcber ihre t\u00e4glichen Belastungen herauszufinden. Daf\u00fcr werden wir einerseits eine Smartwatch, die auf Gesundheitsaspekte zugeschnitten ist, und andererseits t\u00e4gliche Frageb\u00f6gen mit Bezug zur Arbeit und zum Wohlbefinden verwenden. Unser Ziel ist es, mit dieser kombinierten Studie die Zusammenh\u00e4nge von k\u00f6rperlichen und psychischen Belastungen bei Bamberger Besch\u00e4ftigten, insbesondere in Hinblick auf die Digitalisierung, besser zu verstehen. <strong>Wir wollen herausfinden, wie gute Arbeit gestaltet sein soll.<\/strong><\/p>\n<\/div>\n                <\/section>\n\n\n<figure class=\"wp-block-image size-large\"><img decoding=\"async\" src=\"https:\/\/smartcity.bamberg.de\/wp-content\/uploads\/2022\/08\/2022-06-21_SMART-CITY-ScanGov1-1-1024x731.jpg\" alt=\"\" class=\"wp-image-1498\"\/><figcaption>Studierende pr\u00e4sentieren Smartwatches f\u00fcr die Forschung zu ScanGov bei der Projektmesse des SCRL.<br>\u00a9 Foto: Benjamin Herges \u2013 Otto Friedrich Universit\u00e4t Bamberg<\/figcaption><\/figure>\n","protected":false},"excerpt":{"rendered":"<p>Projekt am SCRL zur Digitalisierung von Arbeitspl\u00e4tzen<\/p>\n","protected":false},"author":1,"featured_media":1436,"comment_status":"open","ping_status":"open","sticky":false,"template":"","format":"standard","meta":{"_acf_changed":false,"footnotes":""},"categories":[124],"class_list":["post-5407","post","type-post","status-publish","format-standard","has-post-thumbnail","hentry","category-smart-city-research-lab-2"],"acf":[],"_links":{"self":[{"href":"https:\/\/smartcity.bamberg.de\/en\/wp-json\/wp\/v2\/posts\/5407","targetHints":{"allow":["GET"]}}],"collection":[{"href":"https:\/\/smartcity.bamberg.de\/en\/wp-json\/wp\/v2\/posts"}],"about":[{"href":"https:\/\/smartcity.bamberg.de\/en\/wp-json\/wp\/v2\/types\/post"}],"author":[{"embeddable":true,"href":"https:\/\/smartcity.bamberg.de\/en\/wp-json\/wp\/v2\/users\/1"}],"replies":[{"embeddable":true,"href":"https:\/\/smartcity.bamberg.de\/en\/wp-json\/wp\/v2\/comments?post=5407"}],"version-history":[{"count":2,"href":"https:\/\/smartcity.bamberg.de\/en\/wp-json\/wp\/v2\/posts\/5407\/revisions"}],"predecessor-version":[{"id":6761,"href":"https:\/\/smartcity.bamberg.de\/en\/wp-json\/wp\/v2\/posts\/5407\/revisions\/6761"}],"wp:featuredmedia":[{"embeddable":true,"href":"https:\/\/smartcity.bamberg.de\/en\/wp-json\/wp\/v2\/media\/1436"}],"wp:attachment":[{"href":"https:\/\/smartcity.bamberg.de\/en\/wp-json\/wp\/v2\/media?parent=5407"}],"wp:term":[{"taxonomy":"category","embeddable":true,"href":"https:\/\/smartcity.bamberg.de\/en\/wp-json\/wp\/v2\/categories?post=5407"}],"curies":[{"name":"wp","href":"https:\/\/api.w.org\/{rel}","templated":true}]}}