{"id":5443,"date":"2022-05-12T14:57:32","date_gmt":"2022-05-12T12:57:32","guid":{"rendered":"https:\/\/smartcity.bamberg.de\/neuigkeiten\/wo-stehen-wir-im-programm-smart-city-bamberg\/"},"modified":"2026-01-28T15:59:59","modified_gmt":"2026-01-28T14:59:59","slug":"wo-stehen-wir-im-programm-smart-city-bamberg","status":"publish","type":"post","link":"https:\/\/smartcity.bamberg.de\/en\/wo-stehen-wir-im-programm-smart-city-bamberg\/","title":{"rendered":"Wo stehen wir im Programm Smart City Bamberg?"},"content":{"rendered":"<section class=\"container-fluid bg-white px-0 pt-5 pt-md-5\">\n                    <div class=\"container px-3\">\n<p>Wir sind kurz davor unsere Strategie zu schreiben. Wo stehen wir also im Programm Smart City und was kommt als n\u00e4chstes? Dazu m\u00fcssen wir nochmal einen kurzen Blick zur\u00fcckwerfen:<\/p>\n<\/div>\n                <\/section>\n\n\n<!--more-->\n\n\n<section class=\"container-fluid bg-white px-0 pt-5 pt-md-5\">\n                    <div class=\"container px-3\">\n<p>Im Mai 2021 legten wir damit los bei den B\u00fcrger:innen f\u00fcr Wind zu sorgen und haben 18 Multiplikator:innen zu den Bamberger:innen geschickt, um Gespr\u00e4che \u00fcber ihre Ideen und W\u00fcnsche zum Thema Digitalisierung zu f\u00fchren. Au\u00dferdem haben wir 12 runde Tische mit verschiedensten Akteuren \u2013 von den G\u00e4rtner:innen bis zu IT-Unternehmen \u2013 gef\u00fchrt und die gro\u00dfe&nbsp;<a href=\"https:\/\/www.youtube.com\/watch?v=o-JenfZZSWA\">Ideenschmiede<\/a>&nbsp;mit 130 B\u00fcrger:innen Ende 2021 umsetzen k\u00f6nnen. Mit dem&nbsp;<a href=\"https:\/\/www.youtube.com\/watch?v=UVirkB_3tvc&amp;list=PLqxmmgdHxHe_5Y2TfC9uERBzGIgTJeYP4\">Hackathon<\/a>&nbsp;im Februar 2022 kamen weitere Ideen und Projekte hinzu. Durch all diese Formate und unsere Ideenplattform Intrakommuna konnten mehr als 200 Ideen und Impulse der Bamberger:innen gesammelt werden. Nun m\u00fcssen all diese Vorschl\u00e4ge weitergedacht und zu ersten Skizzen ausgearbeitet werden, damit wir wissen was wir in unsere Strategie schreiben k\u00f6nnen. Dort soll n\u00e4mlich drin stehen was wir mit den 15 Millionen \u20ac planen und umsetzen wollen. Au\u00dferdem soll ein Gro\u00dfteil dieser Strategie aus B\u00fcrger:innen-Ideen bestehen.<\/p>\n<\/div>\n                <\/section>\n\n<section class=\"container-fluid bg-white px-0 pt-5 pt-md-5\">\n                    <div class=\"container px-3\">\n<p><strong>Wie kommen wir also dahin?<\/strong>&nbsp;Acht Projektentwickler:innen helfen uns dabei von der groben B\u00fcrgeridee zu einer ersten Projektskizze zu kommen. Knapp 36 Ideen aus der B\u00fcrgerschaft haben sie auf ihrem Zettel und durchdenken die Projekte dieser Themenliste gemeinsam mit den Ideengeber:innen von vorne bis hinten. Ende Juni sollen diese Skizzen dann so weit ausgereift sein, dass wir mit dem OB, Bgm &amp; den Clusterpatinnen und Cluterpaten sowie dem Digitalisierungsreferenten \u2013 unserem Steuerungskreis \u2013 dar\u00fcber nachdenken k\u00f6nnen. Auch eine Gruppe&nbsp;<strong>Zielgruppenanw\u00e4lt:innen<\/strong>&nbsp;mit Vertretern aus den vier Beir\u00e4ten und den Gruppen Studierende, Sch\u00fcler:innen sowie Frauen haben ein Auge auf die Skizzen und k\u00f6nnen mitreden, wo etwas fehlt oder wo sie sich noch nicht repr\u00e4sentiert f\u00fchlen. Bis dahin brauchen wir aber dringend noch Ihre Meinung zur&nbsp;<a href=\"https:\/\/bamberg-gestalten.de\/themenliste-smart-city-bamberg\">Themenliste<\/a>. Was sollen wir noch bedenken und was muss unbedingt mit drauf?<\/p>\n<\/div>\n                <\/section>\n\n<section class=\"container-fluid bg-white px-0 pt-5 pt-md-5\">\n                    <div class=\"container px-3\">\n<p>Von jetzt an bis Ende November schreiben wir gemeinsam mit unserem gro\u00dfen Netzwerk an der Strategie und wollen auch, dass sich die B\u00fcrger:innen beteiligen.&nbsp;Dazu haben wir eine Aktion am B\u00fcrgerlabor geplant.&nbsp;Wenn die Strategie steht wird sie dem Stadtrat vorgestellt. Dieser entscheidet dann letztendlich \u00fcber die geplanten Projekte und Ma\u00dfnahmen. Au\u00dferdem wollen wir das Ende der Strategiephase und das Abgeben des Papiers mit einem&nbsp;<strong>Event Ende November&nbsp;<\/strong>feiern, wo Smart City mit ein paar Beispielen noch greifbarer werden soll. Sobald das Ministerium f\u00fcr Wohnen, Stadtentwicklung und Bauwesen unsere Strategie abgesegnet hat k\u00f6nnen wir mit den ersten Umsetzungen beginnen und starten damit Bamberg gemeinsam smarter zu machen.<\/p>\n<\/div>\n                <\/section>\n\n<section class=\"container-fluid bg-white px-0 pt-5 pt-md-5\">\n                    <div class=\"container px-3\">\n<p>\u00dcbrigens: Nicht nur jetzt sondern auch\u00a0<strong>die ganze Zeit \u00fcber bis 2027 k\u00f6nnen Ihre Ideen und Anmerkungen jederzeit noch mit aufgenommen werden.<\/strong>\u00a0Denn das Abgeben der Strategie bedeutet keinesfalls das Ende der Ideenphase. Denn eine smarte Stadt bleibt immer offen und wachsam f\u00fcr neue Anregungen und Vorschl\u00e4ge!<\/p>\n<\/div>\n                <\/section>\n\n\n<figure class=\"wp-block-image size-large is-style-default\"><a href=\"https:\/\/www.youtube.com\/watch?v=kSaN-hhscbQ\"><img decoding=\"async\" src=\"https:\/\/smartcity.bamberg.de\/wp-content\/uploads\/2022\/06\/Vorschaubild-Film-0522-1024x576.png\" alt=\"\" class=\"wp-image-1305\"\/><\/a><figcaption>Kurz und Knapp in unserem Video erkl\u00e4rt!<\/figcaption><\/figure>\n\n\n<section class=\"container-fluid bg-white px-0 pt-5 pt-md-5\">\n                    <div class=\"container px-3\">\n<p><\/p>\n<\/div>\n                <\/section>\n\n\n<div data-wp-interactive=\"core\/file\" class=\"wp-block-file\"><object data-wp-bind--hidden=\"!state.hasPdfPreview\" hidden class=\"wp-block-file__embed\" data=\"https:\/\/smartcity.bamberg.de\/wp-content\/uploads\/2022\/05\/Meilensteine-im-Programm-Smart-City-Bamberg.pdf\" type=\"application\/pdf\" style=\"width:100%;height:600px\" aria-label=\"Embed of Einbettung von Meilensteine-im-Programm-Smart-City-Bamberg..\"><\/object><a id=\"wp-block-file--media-da856a71-9b0a-4379-aa20-25f66fda5694\" href=\"https:\/\/smartcity.bamberg.de\/wp-content\/uploads\/2022\/05\/Meilensteine-im-Programm-Smart-City-Bamberg.pdf\">Meilensteine-im-Programm-Smart-City-Bamberg<\/a><a href=\"https:\/\/smartcity.bamberg.de\/wp-content\/uploads\/2022\/05\/Meilensteine-im-Programm-Smart-City-Bamberg.pdf\" class=\"wp-block-file__button\" download aria-describedby=\"wp-block-file--media-da856a71-9b0a-4379-aa20-25f66fda5694\">Herunterladen<\/a><\/div>\n","protected":false},"excerpt":{"rendered":"<p>Aktueller Zwischenbericht : was haben wir erreicht und was haben wir als n\u00e4chstes vor?<\/p>\n","protected":false},"author":1,"featured_media":1472,"comment_status":"open","ping_status":"open","sticky":false,"template":"","format":"standard","meta":{"_acf_changed":false,"footnotes":""},"categories":[121],"class_list":["post-5443","post","type-post","status-publish","format-standard","has-post-thumbnail","hentry","category-programm-smart-city-2"],"acf":[],"_links":{"self":[{"href":"https:\/\/smartcity.bamberg.de\/en\/wp-json\/wp\/v2\/posts\/5443","targetHints":{"allow":["GET"]}}],"collection":[{"href":"https:\/\/smartcity.bamberg.de\/en\/wp-json\/wp\/v2\/posts"}],"about":[{"href":"https:\/\/smartcity.bamberg.de\/en\/wp-json\/wp\/v2\/types\/post"}],"author":[{"embeddable":true,"href":"https:\/\/smartcity.bamberg.de\/en\/wp-json\/wp\/v2\/users\/1"}],"replies":[{"embeddable":true,"href":"https:\/\/smartcity.bamberg.de\/en\/wp-json\/wp\/v2\/comments?post=5443"}],"version-history":[{"count":2,"href":"https:\/\/smartcity.bamberg.de\/en\/wp-json\/wp\/v2\/posts\/5443\/revisions"}],"predecessor-version":[{"id":6881,"href":"https:\/\/smartcity.bamberg.de\/en\/wp-json\/wp\/v2\/posts\/5443\/revisions\/6881"}],"wp:featuredmedia":[{"embeddable":true,"href":"https:\/\/smartcity.bamberg.de\/en\/wp-json\/wp\/v2\/media\/1472"}],"wp:attachment":[{"href":"https:\/\/smartcity.bamberg.de\/en\/wp-json\/wp\/v2\/media?parent=5443"}],"wp:term":[{"taxonomy":"category","embeddable":true,"href":"https:\/\/smartcity.bamberg.de\/en\/wp-json\/wp\/v2\/categories?post=5443"}],"curies":[{"name":"wp","href":"https:\/\/api.w.org\/{rel}","templated":true}]}}