{"id":5458,"date":"2022-11-23T09:30:00","date_gmt":"2022-11-23T08:30:00","guid":{"rendered":"https:\/\/smartcity.bamberg.de\/neuigkeiten\/cartoonistinnen-fuer-die-smarte-stadt-gesucht\/"},"modified":"2026-01-28T15:47:38","modified_gmt":"2026-01-28T14:47:38","slug":"cartoonistinnen-fuer-die-smarte-stadt-gesucht","status":"publish","type":"post","link":"https:\/\/smartcity.bamberg.de\/en\/cartoonistinnen-fuer-die-smarte-stadt-gesucht\/","title":{"rendered":"Cartoonist:innen f\u00fcr die smarte Stadt gefunden!"},"content":{"rendered":"<section class=\"container-fluid bg-white px-0 pt-5 pt-md-5\">\n                    <div class=\"container px-3\">\n<p><strong>Sechs Modellprojekte Smart Cities aus ganz Deutschland haben sich zusammengetan und einen nationalen Cartoonwettebewerb initiiert! Bis 18. September konnten Cartoonist:innen ihre Zeichnungen zum Thema Digitalisierung und smarte Stadt unter smartcity@stadt.bamberg.de einreichen.<\/strong><\/p>\n<\/div>\n                <\/section>\n\n\n<!--more-->\n\n\n<section class=\"container-fluid bg-white px-0 pt-5 pt-md-5\">\n                    <div class=\"container px-3\">\n<p>Seit dem 18. September haben wir insgesamt 42 Einsendungen erhalten. Aber nicht nur die Menge, sondern auch die Qualit\u00e4t der Einsendungen freut uns ungemein. Da es bei einer so gro\u00dfen Anzahl schwierig ist nur einen Gewinner zu w\u00e4hlen, wurden die zehn besten Cartoons mit einem Preisgeld von jeweils 150\u20ac ausgezeichnet. Die Auswahl wurde von einer Jury, bestehend aus Vertreter:innen der sechs Modellprojekte getroffen. Diese zehn Cartoons m\u00f6chten wir Ihnen nat\u00fcrlich nicht vorenthalten: <\/p>\n<\/div>\n                <\/section>\n\n\n<div class=\"wp-block-group\"><div class=\"wp-block-group__inner-container is-layout-flow wp-block-group-is-layout-flow\">\n<figure class=\"wp-block-gallery aligncenter has-nested-images columns-default wp-block-gallery-1 is-layout-flex wp-block-gallery-is-layout-flex\">\n<figure class=\"wp-block-image size-thumbnail\"><a href=\"https:\/\/smartcity.bamberg.de\/wp-content\/uploads\/2022\/11\/Demattio000-scaled.jpg\"><img decoding=\"async\" data-id=\"1628\" src=\"https:\/\/smartcity.bamberg.de\/wp-content\/uploads\/2022\/11\/Demattio000-150x150.jpg\" alt=\"\" class=\"wp-image-1628\"\/><\/a><figcaption class=\"wp-element-caption\">Rainer Demattio<\/figcaption><\/figure>\n\n\n\n<figure class=\"wp-block-image size-thumbnail\"><a href=\"https:\/\/smartcity.bamberg.de\/wp-content\/uploads\/2022\/11\/Lennart-Noelle000-scaled.jpg\"><img decoding=\"async\" data-id=\"1626\" src=\"https:\/\/smartcity.bamberg.de\/wp-content\/uploads\/2022\/11\/Lennart-Noelle000-150x150.jpg\" alt=\"\" class=\"wp-image-1626\"\/><\/a><figcaption class=\"wp-element-caption\">Lennart N\u00f6lle<\/figcaption><\/figure>\n\n\n\n<figure class=\"wp-block-image size-thumbnail\"><a href=\"https:\/\/smartcity.bamberg.de\/wp-content\/uploads\/2022\/11\/Eisert000-scaled.jpg\"><img decoding=\"async\" data-id=\"1627\" src=\"https:\/\/smartcity.bamberg.de\/wp-content\/uploads\/2022\/11\/Eisert000-150x150.jpg\" alt=\"\" class=\"wp-image-1627\"\/><\/a><figcaption class=\"wp-element-caption\">Bernd Eiesert<\/figcaption><\/figure>\n\n\n\n<figure class=\"wp-block-image size-thumbnail\"><a href=\"https:\/\/smartcity.bamberg.de\/wp-content\/uploads\/2022\/08\/Mario-Lars000-scaled.jpg\"><img decoding=\"async\" data-id=\"1631\" src=\"https:\/\/smartcity.bamberg.de\/wp-content\/uploads\/2022\/08\/Mario-Lars000-150x150.jpg\" alt=\"\" class=\"wp-image-1631\"\/><\/a><figcaption class=\"wp-element-caption\">Mario Lars<\/figcaption><\/figure>\n\n\n\n<figure class=\"wp-block-image size-thumbnail\"><a href=\"https:\/\/smartcity.bamberg.de\/wp-content\/uploads\/2022\/08\/Huehn000-scaled.jpg\"><img decoding=\"async\" data-id=\"1632\" src=\"https:\/\/smartcity.bamberg.de\/wp-content\/uploads\/2022\/08\/Huehn000-150x150.jpg\" alt=\"\" class=\"wp-image-1632\"\/><\/a><figcaption class=\"wp-element-caption\">Mathias H\u00fchn<\/figcaption><\/figure>\n\n\n\n<figure class=\"wp-block-image size-thumbnail\"><a href=\"https:\/\/smartcity.bamberg.de\/wp-content\/uploads\/2022\/08\/Meissner000.jpg\"><img decoding=\"async\" data-id=\"1634\" src=\"https:\/\/smartcity.bamberg.de\/wp-content\/uploads\/2022\/08\/Meissner000-150x150.jpg\" alt=\"\" class=\"wp-image-1634\"\/><\/a><figcaption class=\"wp-element-caption\">Dirk Meissner<\/figcaption><\/figure>\n\n\n\n<figure class=\"wp-block-image size-thumbnail\"><a href=\"https:\/\/smartcity.bamberg.de\/wp-content\/uploads\/2022\/11\/Heiner-Froehlich000-scaled.jpg\"><img decoding=\"async\" data-id=\"1630\" src=\"https:\/\/smartcity.bamberg.de\/wp-content\/uploads\/2022\/11\/Heiner-Froehlich000-150x150.jpg\" alt=\"\" class=\"wp-image-1630\"\/><\/a><figcaption class=\"wp-element-caption\">Heiner Fr\u00f6hlich<\/figcaption><\/figure>\n\n\n\n<figure class=\"wp-block-image size-thumbnail\"><a href=\"https:\/\/smartcity.bamberg.de\/wp-content\/uploads\/2022\/08\/Metz000-scaled.jpg\"><img decoding=\"async\" data-id=\"1635\" src=\"https:\/\/smartcity.bamberg.de\/wp-content\/uploads\/2022\/08\/Metz000-150x150.jpg\" alt=\"\" class=\"wp-image-1635\"\/><\/a><figcaption class=\"wp-element-caption\">Denis Metz<\/figcaption><\/figure>\n\n\n\n<figure class=\"wp-block-image size-thumbnail\"><a href=\"https:\/\/smartcity.bamberg.de\/wp-content\/uploads\/2022\/08\/Doering000-scaled.jpg\"><img decoding=\"async\" data-id=\"1638\" src=\"https:\/\/smartcity.bamberg.de\/wp-content\/uploads\/2022\/08\/Doering000-150x150.jpg\" alt=\"\" class=\"wp-image-1638\"\/><\/a><figcaption class=\"wp-element-caption\">Uli D\u00f6ring<\/figcaption><\/figure>\n\n\n\n<figure class=\"wp-block-image size-thumbnail\"><a href=\"https:\/\/smartcity.bamberg.de\/wp-content\/uploads\/2022\/08\/Kohler000-scaled.jpg\"><img decoding=\"async\" data-id=\"1639\" src=\"https:\/\/smartcity.bamberg.de\/wp-content\/uploads\/2022\/08\/Kohler000-150x150.jpg\" alt=\"\" class=\"wp-image-1639\"\/><\/a><figcaption class=\"wp-element-caption\">Christoph Kohler<\/figcaption><\/figure>\n<\/figure>\n<\/div><\/div>\n\n\n<section class=\"container-fluid bg-white px-0 pt-5 pt-md-5\">\n                    <div class=\"container px-3\">\n<p>Somit befinden wir uns in der finalen Entscheidungsrunde und bleiben gespannt auf das endg\u00fcltige Ergebnis!<\/p>\n<\/div>\n                <\/section>\n\n<section class=\"container-fluid bg-white px-0 pt-5 pt-md-5\">\n                    <div class=\"container px-3\">\n<p>Smart City ist noch immer ein Begriff, der sehr sperrig wirkt und unter dem man sich nicht sofort etwas vorstellen kann. Deshalb ist es wichtig das doch sehr breite Thema runterzubrechen und mit den B\u00fcrger:innen ins Gespr\u00e4ch zu kommen. Das funktioniert nat\u00fcrlich am besten mit etwas Augenzwinkern und einem kreativen, k\u00fcnstlerischen Ansatz. Sechs vom Bundesministerium f\u00fcr Wohnen, Stadtentwicklung und Bauwesen, kurz BMWSB, gef\u00f6rderte Kommunen zeigen, was Smart City im Kern ist und sein kann, welche Rolle Digitalisierung, aber auch Nachhaltigkeit spielen und wie Smart City im Alltag aussieht. Bamberg, Freiburg i.Br., der Landkreis Mayen-Koblenz, die Kiel-Region, Paderborn und Regensburg suchen hierf\u00fcr eine:n Cartoonist:in, der\/die Smart Cities kritisch begleitet, die digitale Entwicklung kommentiert und Wahrnehmungen ebenso wie Bef\u00fcrchtungen oder gar Fehlentwicklungen mit spitzer Zeichenfeder auf den Punkt bringt.<\/p>\n<\/div>\n                <\/section>\n\n<section class=\"container-fluid bg-white px-0 pt-5 pt-md-5\">\n                    <div class=\"container px-3\">\n<p>Mehr Infos gibt es hier:<\/p>\n<\/div>\n                <\/section>\n\n\n<figure class=\"wp-block-embed is-type-wp-embed is-provider-smart-city-bamberg wp-block-embed-smart-city-bamberg\"><div class=\"wp-block-embed__wrapper\">\nhttps:\/\/smartcity.bamberg.de\/cartoonwettbewerb-smart-cities\n<\/div><\/figure>\n","protected":false},"excerpt":{"rendered":"<p>Aus 42 Einsendungen gilt es, den oder die Gewinner:in auszuw\u00e4hlen &#8211; hier k\u00f6nnt ihr alle Cartoons anschauen!<\/p>\n","protected":false},"author":1,"featured_media":1530,"comment_status":"open","ping_status":"open","sticky":false,"template":"","format":"standard","meta":{"_acf_changed":false,"footnotes":""},"categories":[121],"class_list":["post-5458","post","type-post","status-publish","format-standard","has-post-thumbnail","hentry","category-programm-smart-city-2"],"acf":[],"_links":{"self":[{"href":"https:\/\/smartcity.bamberg.de\/en\/wp-json\/wp\/v2\/posts\/5458","targetHints":{"allow":["GET"]}}],"collection":[{"href":"https:\/\/smartcity.bamberg.de\/en\/wp-json\/wp\/v2\/posts"}],"about":[{"href":"https:\/\/smartcity.bamberg.de\/en\/wp-json\/wp\/v2\/types\/post"}],"author":[{"embeddable":true,"href":"https:\/\/smartcity.bamberg.de\/en\/wp-json\/wp\/v2\/users\/1"}],"replies":[{"embeddable":true,"href":"https:\/\/smartcity.bamberg.de\/en\/wp-json\/wp\/v2\/comments?post=5458"}],"version-history":[{"count":2,"href":"https:\/\/smartcity.bamberg.de\/en\/wp-json\/wp\/v2\/posts\/5458\/revisions"}],"predecessor-version":[{"id":6871,"href":"https:\/\/smartcity.bamberg.de\/en\/wp-json\/wp\/v2\/posts\/5458\/revisions\/6871"}],"wp:featuredmedia":[{"embeddable":true,"href":"https:\/\/smartcity.bamberg.de\/en\/wp-json\/wp\/v2\/media\/1530"}],"wp:attachment":[{"href":"https:\/\/smartcity.bamberg.de\/en\/wp-json\/wp\/v2\/media?parent=5458"}],"wp:term":[{"taxonomy":"category","embeddable":true,"href":"https:\/\/smartcity.bamberg.de\/en\/wp-json\/wp\/v2\/categories?post=5458"}],"curies":[{"name":"wp","href":"https:\/\/api.w.org\/{rel}","templated":true}]}}