{"id":5473,"date":"2022-10-18T11:47:03","date_gmt":"2022-10-18T09:47:03","guid":{"rendered":"https:\/\/smartcity.bamberg.de\/neuigkeiten\/so-geht-es-bei-smart-city-bamberg-die-naechsten-monate-weiter\/"},"modified":"2026-01-29T08:01:28","modified_gmt":"2026-01-29T07:01:28","slug":"so-geht-es-bei-smart-city-bamberg-die-naechsten-monate-weiter","status":"publish","type":"post","link":"https:\/\/smartcity.bamberg.de\/en\/so-geht-es-bei-smart-city-bamberg-die-naechsten-monate-weiter\/","title":{"rendered":"So geht es bei Smart City Bamberg weiter!"},"content":{"rendered":"<section class=\"container-fluid bg-white px-0 pt-5 pt-md-5\">\n                    <div class=\"container px-3\">\n<p>Knapp 2 Jahre lang haben wir die Bamberger:innen nach Ideen, Anmerkungen und Vorschl\u00e4gen zu einem smarten Bamberg gefragt. Mehr als 250 haben uns erreicht, die wir dann durch Zuordnung zu Themengebieten und durch das Verkn\u00fcpfen von \u00e4hnlichen Ans\u00e4tzen auf knapp 40 Ideen eingrenzen konnten. Das war unsere erste Themenliste, die im M\u00e4rz \u00f6ffentlich online zur Diskussion stand. Ziel dieser ersten Zusammenfassung auf 40 Projektans\u00e4tze war es, m\u00f6glichst viele der B\u00fcrger:innen-Ideen mit in die n\u00e4chste \u201ePhase\u201c zu nehmen.<\/p>\n<\/div>\n                <\/section>\n\n\n<!--more-->\n\n\n<section class=\"container-fluid bg-white px-0 pt-5 pt-md-5\">\n                    <div class=\"container px-3\">\n<p>N\u00e4chste Phase bedeutet in diesem Fall: Die Projektskizzen. Dabei haben Projektentwickler:innen von Smart City Bamberg mit den Ideengeber:innen aus Bamberg gesprochen und nachgehakt: \u201eWas war mit der Idee genau gemeint?\u201c Es wurde nach L\u00f6sungsanbieter:innen gesucht und es gab in dieser Phase erste grobe Projektplanungen, um die Projektskizzen dann auch anhand der F\u00f6rderkriterien zu durchdenken.<\/p>\n<\/div>\n                <\/section>\n\n<section class=\"container-fluid bg-white px-0 pt-5 pt-md-5\">\n                    <div class=\"container px-3\">\n<p>Wir vom Team Smart City Bamberg sind sehr stolz auf die Menge an B\u00fcrger:innen-Ideen und die gute Entwicklung der Projekte aus den ersten Ans\u00e4tzen heraus.<\/p>\n<\/div>\n                <\/section>\n\n<section class=\"container-fluid bg-white px-0 pt-5 pt-md-5\">\n                    <div class=\"container px-3\">\n<p>Die weiterbearbeiteten Ideen und eingereichten Projektskizzen wurden anhand der f\u00fcnf F\u00f6rderkriterien begutachtet, die das Bundesministerium als Voraussetzung f\u00fcr die F\u00f6rderung benannt hat: &nbsp;<\/p>\n<\/div>\n                <\/section>\n\n<section class=\"container-fluid bg-white px-0 pt-5 pt-md-5\">\n                    <div class=\"container px-3\">\n<p><strong>1. Wie ist der Bezug zur digitalen Stadtentwicklung?<\/strong><\/p>\n<\/div>\n                <\/section>\n\n<section class=\"container-fluid bg-white px-0 pt-5 pt-md-5\">\n                    <div class=\"container px-3\">\n<p><strong>2. Wie innovativ und modellhaft ist die Idee?<\/strong><\/p>\n<\/div>\n                <\/section>\n\n<section class=\"container-fluid bg-white px-0 pt-5 pt-md-5\">\n                    <div class=\"container px-3\">\n<p><strong>3. L\u00e4sst sich der Ansatz auch auf andere Kommunen \u00fcbertragen?<\/strong><\/p>\n<\/div>\n                <\/section>\n\n<section class=\"container-fluid bg-white px-0 pt-5 pt-md-5\">\n                    <div class=\"container px-3\">\n<p><strong>4. Ist es m\u00f6glich, die Idee zu skalieren und sie somit auch in anderen Bereichen der Stadt einzusetzen?<\/strong><\/p>\n<\/div>\n                <\/section>\n\n<section class=\"container-fluid bg-white px-0 pt-5 pt-md-5\">\n                    <div class=\"container px-3\">\n<p><strong>5. Wie sieht es mit der Umsetzbarkeit mittels lizenzfreier Software, also Open Source, aus und wer w\u00fcrde das Projekt \u00fcberhaupt umsetzen und leiten k\u00f6nnen?<\/strong><\/p>\n<\/div>\n                <\/section>\n\n<section class=\"container-fluid bg-white px-0 pt-5 pt-md-5\">\n                    <div class=\"container px-3\">\n<p>Mit diesen Fragen haben wir uns beim Prozess der Durchsicht besch\u00e4ftigt. Au\u00dferdem mussten wir pr\u00fcfen, ob es sinnvolle \u00dcberschneidungen bei den Projekten gibt. Au\u00dferdem haben wir uns auch mit unserem F\u00f6rdermittelgeber beraten. Denn schlie\u00dflich ist Umsetzbarkeit durch Smart City-Mittel abh\u00e4ngig der Genehmigung der Kreditanstalt f\u00fcr Wiederaufbau (KfW), die die F\u00f6rdermittel im Auftrag der Bundesregierung an Bamberg ausgibt. In den Beratungen hat sich leider gezeigt, dass nicht in allen F\u00e4llen klar ist, welche Projekt umsetzbar sind und welche nicht. Auf keinen Fall wollte das Team aber ein Projekt fertig entwickeln und dann bei der Pr\u00fcfung durch die KfW eine Absage erhalten.<\/p>\n<\/div>\n                <\/section>\n\n<section class=\"container-fluid bg-white px-0 pt-5 pt-md-5\">\n                    <div class=\"container px-3\">\n<p>Ein weiterer entscheidender Punkt ist nat\u00fcrlich, ob das (ja sehr gro\u00dfe) Budget f\u00fcr die Umsetzung aller w\u00fcnschenswerten und geeigneten Projekte ausreicht.<\/p>\n<\/div>\n                <\/section>\n\n<section class=\"container-fluid bg-white px-0 pt-5 pt-md-5\">\n                    <div class=\"container px-3\">\n<p>Um das einzuordnen haben wir eine konkrete Kostensch\u00e4tzung f\u00fcr die Projekte durchgef\u00fchrt. Dazu haben wir zehn Experten aus unterschiedlichsten Bereichen (Uni Bamberg, andere MPSCs, IT-Wirtschaft\u2026)&nbsp; unsere Projekte vorgestellt. Klar wurde, dass die Umsetzung aller w\u00fcnschenswerten und f\u00f6rderf\u00e4higen Projekte aufgrund ihrer Komplexit\u00e4t und nicht zuletzt wegen der zwingenden Anforderung von Neuentwicklungen als OpenSource-L\u00f6sung selbst das sehr gro\u00dfe Budget des Programms Smart City deutlich \u00fcberschreiten w\u00fcrde.<\/p>\n<\/div>\n                <\/section>\n\n<section class=\"container-fluid bg-white px-0 pt-5 pt-md-5\">\n                    <div class=\"container px-3\">\n<p>Nun w\u00e4re es nat\u00fcrlich einfach gewesen zu sagen: \u201eDann setzen wir einfach weniger Projekte um!\u201c Aber es sollen eben m\u00f6glichst viele B\u00fcrger:innen-Ideen umgesetzt werden. Daher hat sich Smart City Bamberg f\u00fcr den vermeintlich schwierigeren Weg entschieden:&nbsp;Eine enge Zusammenarbeit mit anderen St\u00e4dten und Kommunen. Denn viele andere Modellprojekte Smart Cities stehen vor \u00e4hnlichen Herausforderungen und haben thematisch \u00e4hnliche Projektans\u00e4tze wie die Stadt Bamberg. Gemeinsam k\u00f6nnen wir nicht nur Kosten sparen, sondern auch viel mehr Wissen einbringen und auch eine bessere \u00dcbertragbarkeit auf andere St\u00e4dte gew\u00e4hrleisten. Somit ist es m\u00f6glich, viel mehr der eingereichten Ideen umzusetzen, als wenn wir alleine als Stadt Bamberg starten w\u00fcrden.<\/p>\n<\/div>\n                <\/section>\n\n<section class=\"container-fluid bg-white px-0 pt-5 pt-md-5\">\n                    <div class=\"container px-3\">\n<p>Vor diesem Hintergrund haben wir hier eine Staffelung in \u201eUmsetzungsprojekte\u201c (=werden gleich und ggf. auch allein durchgef\u00fchrt) und \u201eProjekte unter Vorbehalt\u201c vorgenommen (=werden nur durchgef\u00fchrt, wenn wir das gemeinsam mit anderen gef\u00f6rderten Kommunen angehen und das Budget teilen und damit reduzieren k\u00f6nnen).<\/p>\n<\/div>\n                <\/section>\n\n\n<figure class=\"wp-block-image size-large\"><img decoding=\"async\" src=\"https:\/\/smartcity.bamberg.de\/wp-content\/uploads\/2022\/10\/Skizze-HP-Auswahlverfahren-3-1024x576.png\" alt=\"\" class=\"wp-image-1562\"\/><\/figure>\n\n\n<section class=\"container-fluid bg-white px-0 pt-5 pt-md-5\">\n                    <div class=\"container px-3\">\n<p><strong>Das bedeutet auch: Wir brauchen noch etwas Zeit<\/strong><\/p>\n<\/div>\n                <\/section>\n\n<section class=\"container-fluid bg-white px-0 pt-5 pt-md-5\">\n                    <div class=\"container px-3\">\n<p>Wir wollen die Strategie erst dem Stadtrat vorlegen, wenn wir ein klare(re)s Bild haben, welche Projekte in Kooperation mit anderen gef\u00f6rderten Kommunen gemeinsam angegangen werden und welche wir alleine stemmen werden. Deshalb hat der Steuerungskreis des Programms unter Vorsitz des Oberb\u00fcrgermeisters auf unseren Vorschlag hin entschieden, die Vorlage der Strategie auf Feb\/M\u00e4rz 2023 zu verschieben.<\/p>\n<\/div>\n                <\/section>\n\n<section class=\"container-fluid bg-white px-0 pt-5 pt-md-5\">\n                    <div class=\"container px-3\">\n<p><strong>Wie geht es jetzt weiter?<\/strong><\/p>\n<\/div>\n                <\/section>\n\n<section class=\"container-fluid bg-white px-0 pt-5 pt-md-5\">\n                    <div class=\"container px-3\">\n<p>Auch mit den Umsetzungsprojekten und den Projekten unter Vorbehalt, die wir im November im Stadtrat pr\u00e4sentieren und dann auch ver\u00f6ffentlichen werden, ist die Projektanzahl immer noch sehr hoch. Um so viele Projekte in absehbarer Zeit starten zu k\u00f6nnen, sollen zus\u00e4tzliche Stellen f\u00fcr Projekt-Management-Office eingerichtet werden. Denn auch hier wollen wir nat\u00fcrlich m\u00f6glichst viele der B\u00fcrger:innen-Ideen in baldige Umsetzung bringen.<\/p>\n<\/div>\n                <\/section>\n\n<section class=\"container-fluid bg-white px-0 pt-5 pt-md-5\">\n                    <div class=\"container px-3\">\n<p>Das Strategiepapier wollen wir nun im Februar\/M\u00e4rz 2023 zur Entscheidung vorlegen, dann in Berlin zur Pr\u00fcfung abgeben und dies im April 23 gemeinsam mit den Bamberger:innen im neuen Digitalen Gr\u00fcnderzentrum feiern.<\/p>\n<\/div>\n                <\/section>\n\n<section class=\"container-fluid bg-white px-0 pt-5 pt-md-5\">\n                    <div class=\"container px-3\">\n<p>Wir wissen, dass das von den vielen engagierten Ehrenamtlichen, die ihre Ideen eingebracht haben und endlich mit der Umsetzung loslegen wollen, noch einmal viel Geduld fordert. Doch das Vernetzen und die Kooperationen f\u00fchren auch dazu, dass mehr Projekte umgesetzt werden k\u00f6nnen.&nbsp;Mit Vorprojekten wollen wir die Zeit au\u00dferdem nutzen, um bereits vor dem eigentlichen Start noch gr\u00f6\u00dfere Planungssicherheit zu erreichen.<\/p>\n<\/div>\n                <\/section>\n\n\n<figure class=\"wp-block-gallery has-nested-images columns-default is-cropped wp-block-gallery-1 is-layout-flex wp-block-gallery-is-layout-flex\">\n<figure class=\"wp-block-image size-large\"><img decoding=\"async\" data-id=\"1560\" src=\"https:\/\/smartcity.bamberg.de\/wp-content\/uploads\/2022\/10\/Wir-benoetigen-etwas-zeit-Website-4-1024x576.png\" alt=\"\" class=\"wp-image-1560\"\/><\/figure>\n<\/figure>\n\n\n<section class=\"container-fluid bg-white px-0 pt-5 pt-md-5\">\n                    <div class=\"container px-3\">\n<p>Wir freuen uns auf den weiteren Austausch mit Ihnen zu unseren gemeinsamen Projektans\u00e4tzen und sind gespannt, welche Entwicklungen die n\u00e4chsten Monate f\u00fcr Bamberg als smarte Stadt noch bringen werden!<\/p>\n<\/div>\n                <\/section>\n\n<section class=\"container-fluid bg-white px-0 pt-5 pt-md-5\">\n                    <div class=\"container px-3\">\n<p>Gemeinsam machen wir Bamberg smart!<br><br><strong>Das Team Smart City Bamberg<\/strong><\/p>\n<\/div>\n                <\/section>\n\n<section class=\"container-fluid bg-white px-0 pt-5 pt-md-5\">\n                    <div class=\"container px-3\">\n<p>Sascha G\u00f6tz, Dorothea Breier, Franz Sch\u00e4fer und Nina Stapf<\/p>\n<\/div>\n                <\/section>\n\n<section class=\"container-fluid bg-white px-0 pt-5 pt-md-5\">\n                    <div class=\"container px-3\">\n<p>mit Yannick von Ostheim, Bastian Walter und Rhea Ngyuen<\/p>\n<\/div>\n                <\/section>","protected":false},"excerpt":{"rendered":"<p>Aus \u00fcber 250 Ideen wurden 40 Projektskizzen &#8211; wie geht es weiter?<\/p>\n","protected":false},"author":1,"featured_media":1617,"comment_status":"open","ping_status":"open","sticky":false,"template":"","format":"standard","meta":{"_acf_changed":false,"footnotes":""},"categories":[121],"class_list":["post-5473","post","type-post","status-publish","format-standard","has-post-thumbnail","hentry","category-programm-smart-city-2"],"acf":[],"_links":{"self":[{"href":"https:\/\/smartcity.bamberg.de\/en\/wp-json\/wp\/v2\/posts\/5473","targetHints":{"allow":["GET"]}}],"collection":[{"href":"https:\/\/smartcity.bamberg.de\/en\/wp-json\/wp\/v2\/posts"}],"about":[{"href":"https:\/\/smartcity.bamberg.de\/en\/wp-json\/wp\/v2\/types\/post"}],"author":[{"embeddable":true,"href":"https:\/\/smartcity.bamberg.de\/en\/wp-json\/wp\/v2\/users\/1"}],"replies":[{"embeddable":true,"href":"https:\/\/smartcity.bamberg.de\/en\/wp-json\/wp\/v2\/comments?post=5473"}],"version-history":[{"count":2,"href":"https:\/\/smartcity.bamberg.de\/en\/wp-json\/wp\/v2\/posts\/5473\/revisions"}],"predecessor-version":[{"id":6884,"href":"https:\/\/smartcity.bamberg.de\/en\/wp-json\/wp\/v2\/posts\/5473\/revisions\/6884"}],"wp:featuredmedia":[{"embeddable":true,"href":"https:\/\/smartcity.bamberg.de\/en\/wp-json\/wp\/v2\/media\/1617"}],"wp:attachment":[{"href":"https:\/\/smartcity.bamberg.de\/en\/wp-json\/wp\/v2\/media?parent=5473"}],"wp:term":[{"taxonomy":"category","embeddable":true,"href":"https:\/\/smartcity.bamberg.de\/en\/wp-json\/wp\/v2\/categories?post=5473"}],"curies":[{"name":"wp","href":"https:\/\/api.w.org\/{rel}","templated":true}]}}