{"id":5501,"date":"2023-03-01T07:57:40","date_gmt":"2023-03-01T06:57:40","guid":{"rendered":"https:\/\/smartcity.bamberg.de\/neuigkeiten\/neue-wege-neues-glueck\/"},"modified":"2026-01-27T14:42:19","modified_gmt":"2026-01-27T13:42:19","slug":"neue-wege-neues-glueck","status":"publish","type":"post","link":"https:\/\/smartcity.bamberg.de\/en\/neue-wege-neues-glueck\/","title":{"rendered":"Neue Wege, neues Gl\u00fcck!"},"content":{"rendered":"<section class=\"container-fluid bg-white px-0 pt-5 pt-md-5\">\n                    <div class=\"container px-3\">\n<p>Das Team von Smart City Bamberg verabschiedet sich von der Leiterin des Welterbe-Zentrums, Patricia Alberth, und w\u00fcnscht ihr viel Erfolg bei Ihrer neuen Aufgabe!<\/p>\n<\/div>\n                <\/section>\n\n\n<!--more-->\n\n\n<section class=\"container-fluid bg-white px-0 pt-5 pt-md-5\">\n                    <div class=\"container px-3\">\n<p>Sie hatte den F\u00f6rderantrag und die Strategiephase des Programms Smart City Bamberg wesentlich mitgepr\u00e4gt, das ein &#8220;Smartes Welterbe&#8221; in das Zentrum vieler \u00dcberlegungen und Projekte stellt. Patricia Alberth war neben Ihrer T\u00e4tigkeit als Leiterin des Welterbezentrums, die sie seit knapp 10 Jahren ausf\u00fcllte, auch als Patin f\u00fcr das Smart City Cluster &#8220;Welterbe\/Digitaler Zwilling&#8221; t\u00e4tig.<\/p>\n<\/div>\n                <\/section>\n\n<section class=\"container-fluid bg-white px-0 pt-5 pt-md-5\">\n                    <div class=\"container px-3\">\n<p>In dieser Funktion konnte sie das Team mit wertvollen Informationen zu den Besonderheiten und Bed\u00fcrfnissen versorgen, welche Bamberg als Welterbestadt auszeichnen. Dies betraf gleicherma\u00dfen Mobilit\u00e4tsprojekte, welche bauliche Besonderheiten des Welterbes mit einbeziehen m\u00fcssen, wie auch Projekte zum direkten Schutz dessen, wie in etwa den digitalen Zwilling. Mit einem Gastbeitrag in unserem Strategiedokument, diese Themen betreffend, hat sie sich auch schriftlich in dem Programm &#8220;verewigt&#8221;. <\/p>\n<\/div>\n                <\/section>\n\n<section class=\"container-fluid bg-white px-0 pt-5 pt-md-5\">\n                    <div class=\"container px-3\">\n<p> Sie wird ab M\u00e4rz neue Gesch\u00e4ftsf\u00fchrerin der Staatlichen Schl\u00f6sser und G\u00e4rten des Landes Baden-W\u00fcrttemberg. Das Bild zeigt sie zusammen mit Oberb\u00fcrgermeister Andreas Starke bei der offiziellen Verabschiedung.<\/p>\n<\/div>\n                <\/section>\n\n<section class=\"container-fluid bg-white px-0 pt-5 pt-md-5\">\n                    <div class=\"container px-3\">\n<p><\/p>\n<\/div>\n                <\/section>","protected":false},"excerpt":{"rendered":"<p>Wir verabschieden uns von der Clusterpatin des Smarten Welterbes, Patricia Alberth <\/p>\n","protected":false},"author":1,"featured_media":1711,"comment_status":"open","ping_status":"open","sticky":false,"template":"","format":"standard","meta":{"_acf_changed":false,"footnotes":""},"categories":[134,121],"class_list":["post-5501","post","type-post","status-publish","format-standard","has-post-thumbnail","hentry","category-digitaler-zwilling","category-programm-smart-city-2"],"acf":[],"_links":{"self":[{"href":"https:\/\/smartcity.bamberg.de\/en\/wp-json\/wp\/v2\/posts\/5501","targetHints":{"allow":["GET"]}}],"collection":[{"href":"https:\/\/smartcity.bamberg.de\/en\/wp-json\/wp\/v2\/posts"}],"about":[{"href":"https:\/\/smartcity.bamberg.de\/en\/wp-json\/wp\/v2\/types\/post"}],"author":[{"embeddable":true,"href":"https:\/\/smartcity.bamberg.de\/en\/wp-json\/wp\/v2\/users\/1"}],"replies":[{"embeddable":true,"href":"https:\/\/smartcity.bamberg.de\/en\/wp-json\/wp\/v2\/comments?post=5501"}],"version-history":[{"count":2,"href":"https:\/\/smartcity.bamberg.de\/en\/wp-json\/wp\/v2\/posts\/5501\/revisions"}],"predecessor-version":[{"id":6755,"href":"https:\/\/smartcity.bamberg.de\/en\/wp-json\/wp\/v2\/posts\/5501\/revisions\/6755"}],"wp:featuredmedia":[{"embeddable":true,"href":"https:\/\/smartcity.bamberg.de\/en\/wp-json\/wp\/v2\/media\/1711"}],"wp:attachment":[{"href":"https:\/\/smartcity.bamberg.de\/en\/wp-json\/wp\/v2\/media?parent=5501"}],"wp:term":[{"taxonomy":"category","embeddable":true,"href":"https:\/\/smartcity.bamberg.de\/en\/wp-json\/wp\/v2\/categories?post=5501"}],"curies":[{"name":"wp","href":"https:\/\/api.w.org\/{rel}","templated":true}]}}