{"id":5510,"date":"2023-03-22T16:10:08","date_gmt":"2023-03-22T15:10:08","guid":{"rendered":"https:\/\/smartcity.bamberg.de\/neuigkeiten\/meilensteinfeier-04-05-2023\/"},"modified":"2026-01-28T15:41:55","modified_gmt":"2026-01-28T14:41:55","slug":"meilensteinfeier-04-05-2023","status":"publish","type":"post","link":"https:\/\/smartcity.bamberg.de\/en\/meilensteinfeier-04-05-2023\/","title":{"rendered":"Das war die Meilensteinfeier!"},"content":{"rendered":"<section class=\"container-fluid bg-white px-0 pt-5 pt-md-5\">\n                    <div class=\"container px-3\">\n<p>Ganze zwei Jahre lang haben wir an einer Strategie f\u00fcr ein smartes Bamberg gefeilt, viele Gespr\u00e4che mit B\u00fcrger:innen gef\u00fchrt, tolle Events stattfinden lassen und sind gemeinsam den Bamberger Weg zu einer digitaleren Stadt gegangen.<\/p>\n<\/div>\n                <\/section>\n\n\n<!--more-->\n\n\n<section class=\"container-fluid bg-white px-0 pt-5 pt-md-5\">\n                    <div class=\"container px-3\">\n<p>Nun stehen wir kurz vor dem Start der Umsetzungsphase, haben im M\u00e4rz unser Strategiedokument dem Stadtrat vorgelegt und nach Berlin geschickt. Ohne ein buntes und breites Smart City-Netzwerk w\u00e4re all das nicht m\u00f6glich gewesen!<\/p>\n<\/div>\n                <\/section>\n\n<section class=\"container-fluid bg-white px-0 pt-5 pt-md-5\">\n                    <div class=\"container px-3\">\n<p>Deshalb haben wir gemeinsam auf diesen Meilenstein angesto\u00dfen und mit den Bamberger:innen am 04. Mai im neuen Digitalen Gr\u00fcnderzentrum Lagarde 1 den Abschluss dieser wichtigen (ersten) Etappe hin zu einer Smart City Bamberg!<\/p>\n<\/div>\n                <\/section>\n\n<section class=\"container-fluid bg-white px-0 pt-5 pt-md-5\">\n                    <div class=\"container px-3\">\n<p><strong>Die Meilensteinfeier von Smart City Bamberg am 04.05. zeigte wie weit das Programm bereits ist und was Bamberg erwartet<\/strong>.<\/p>\n<\/div>\n                <\/section>\n\n\n<figure class=\"wp-block-image size-large\"><img decoding=\"async\" src=\"https:\/\/smartcity.bamberg.de\/wp-content\/uploads\/2023\/05\/Meilensteinfeier-Smart-City-1-1024x683.jpg\" alt=\"\" class=\"wp-image-1912\"\/><figcaption>Foto: <em>Melina Sophie Knobloch, Stadtarchiv Bamberg<\/em><\/figcaption><\/figure>\n\n\n<section class=\"container-fluid bg-white px-0 pt-5 pt-md-5\">\n                    <div class=\"container px-3\">\n<p><strong>Ein roter Teppich und bunte Luftballons als Wegweiser <\/strong>begr\u00fc\u00dften die Bamberger:innen bei der Smart City Meilensteinfeier im neuen Digitalen Gr\u00fcnderzentrum am vergangenen Donnerstag. Nach einleitenden Worten von Oberb\u00fcrgermeister Andreas Starke betonte Digitalisierungsreferent Dr. Stefan Goller die Innovationskraft des Programms und die gemeinschaftliche Entwicklung einer Strategie durch die Stadtgesellschaft. Danach gab Programmleiter Sascha G\u00f6tz Einblicke in die bisherigen zwei Jahre der Strategiephase. Neben mehreren Videos der Programmpat:innen, engagierten Pers\u00f6nlichkeiten aus der Stadtverwaltung, der Universit\u00e4t und st\u00e4dtischen Tochterunternehmen, in denen die Vision eines Bamberg 2027 skizziert wurde, bereicherte auch die Universit\u00e4t Bamberg mit ihrem Smart City Research Lab in das kurzweilige Abendprogramm. Ein sogenannter Science Slam, also ein nicht ganz ernstes Streitgespr\u00e4ch um die beste wissenschaftliche Disziplin, sorgte f\u00fcr am\u00fcsierte Lacher und interessante Informationen zur Entwicklung der Kooperation von Stadtverwaltung und Universit\u00e4t.<\/p>\n<\/div>\n                <\/section>\n\n\n<figure class=\"wp-block-gallery has-nested-images columns-default is-cropped wp-block-gallery-1 is-layout-flex wp-block-gallery-is-layout-flex\">\n<figure class=\"wp-block-image size-large\"><a href=\"https:\/\/smartcity.bamberg.de\/wp-content\/uploads\/2023\/05\/Meilensteinfeier-Smart-City-3-scaled.jpg\"><img decoding=\"async\" data-id=\"1914\" src=\"https:\/\/smartcity.bamberg.de\/wp-content\/uploads\/2023\/05\/Meilensteinfeier-Smart-City-3-1024x682.jpg\" alt=\"\" class=\"wp-image-1914\"\/><\/a><\/figure>\n\n\n\n<figure class=\"wp-block-image size-large\"><a href=\"https:\/\/smartcity.bamberg.de\/wp-content\/uploads\/2023\/05\/Meilensteinfeier-Smart-City-4-scaled.jpg\"><img decoding=\"async\" data-id=\"1916\" src=\"https:\/\/smartcity.bamberg.de\/wp-content\/uploads\/2023\/05\/Meilensteinfeier-Smart-City-4-1024x683.jpg\" alt=\"\" class=\"wp-image-1916\"\/><\/a><\/figure>\n\n\n\n<figure class=\"wp-block-image size-large\"><a href=\"https:\/\/smartcity.bamberg.de\/wp-content\/uploads\/2023\/05\/Meilensteinfeier-Smart-City-5-scaled.jpg\"><img decoding=\"async\" data-id=\"1913\" src=\"https:\/\/smartcity.bamberg.de\/wp-content\/uploads\/2023\/05\/Meilensteinfeier-Smart-City-5-1024x683.jpg\" alt=\"\" class=\"wp-image-1913\"\/><\/a><\/figure>\n\n\n\n<figure class=\"wp-block-image size-large\"><a href=\"https:\/\/smartcity.bamberg.de\/wp-content\/uploads\/2023\/05\/Meilensteinfeier-Smart-City-9-scaled.jpg\"><img decoding=\"async\" data-id=\"1917\" src=\"https:\/\/smartcity.bamberg.de\/wp-content\/uploads\/2023\/05\/Meilensteinfeier-Smart-City-9-1024x683.jpg\" alt=\"\" class=\"wp-image-1917\"\/><\/a><figcaption>Vision 2027<\/figcaption><\/figure>\n\n\n\n<figure class=\"wp-block-image size-large\"><a href=\"https:\/\/smartcity.bamberg.de\/wp-content\/uploads\/2023\/05\/Meilensteinfeier-Smart-City-12-scaled.jpg\"><img decoding=\"async\" data-id=\"1915\" src=\"https:\/\/smartcity.bamberg.de\/wp-content\/uploads\/2023\/05\/Meilensteinfeier-Smart-City-12-1024x682.jpg\" alt=\"\" class=\"wp-image-1915\"\/><\/a><figcaption>Science Slam der Uni <\/figcaption><\/figure>\n<\/figure>\n\n\n<section class=\"container-fluid bg-white px-0 pt-5 pt-md-5\">\n                    <div class=\"container px-3\">\n<p>Gegen Ende des Programms war der gro\u00dfe Moment gekommen: Karl-Heinz Schramm, zust\u00e4ndig f\u00fcr das Geoinformationssystem im Stadtplanungsamt und Smart City-Datenarchitekt Franz Sch\u00e4fer gaben exklusive Einblicke in den Digitalen Zwilling. Der Showcase Karolinenstra\u00dfe, also eine erste Demonstration eines digitalen Zwillings anhand der historischen Karolinenstra\u00dfe, zeigt wie beeindruckend echt bspw. der Adlerbrunnen digital nachgebaut werden kann oder wie lebendig Zeitzeugen davon erz\u00e4hlen, dass man noch in den sechziger Jahren mit dem Auto \u00fcber die Obere Br\u00fccke fuhr. Der Flug aus der Vogelperspektive in den Durchgang des alten Rathauses ist dabei besonders imposant und verdeutlicht, was der Digitalen Zwilling f\u00fcr Bamberg leisten wird. Der Showcase Karolinenstra\u00dfe kann seit der Pr\u00e4sentation auf der Meilensteinfeier auch f\u00fcr alle Interessierten \u00f6ffentlich via folgendem Link <a href=\"https:\/\/bamberg.virtualcitymap.de\/story\/karolinenstrasse\">https:\/\/bamberg.virtualcitymap.de\/story\/karolinenstrasse<\/a> unter die Lupe genommen werden. <\/p>\n<\/div>\n                <\/section>\n\n\n<figure class=\"wp-block-gallery has-nested-images columns-default is-cropped wp-block-gallery-2 is-layout-flex wp-block-gallery-is-layout-flex\">\n<figure class=\"wp-block-image size-large\"><img decoding=\"async\" data-id=\"1920\" src=\"https:\/\/smartcity.bamberg.de\/wp-content\/uploads\/2023\/05\/Meilensteinfeier-Smart-City-16-1024x683.jpg\" alt=\"\" class=\"wp-image-1920\"\/><\/figure>\n\n\n\n<figure class=\"wp-block-image size-large\"><img decoding=\"async\" data-id=\"1918\" src=\"https:\/\/smartcity.bamberg.de\/wp-content\/uploads\/2023\/05\/Meilensteinfeier-Smart-City-18-1024x683.jpg\" alt=\"\" class=\"wp-image-1918\"\/><\/figure>\n\n\n\n<figure class=\"wp-block-image size-large\"><img decoding=\"async\" data-id=\"1919\" src=\"https:\/\/smartcity.bamberg.de\/wp-content\/uploads\/2023\/05\/Meilensteinfeier-Smart-City-25-1024x683.jpg\" alt=\"\" class=\"wp-image-1919\"\/><\/figure>\n<\/figure>\n\n\n<section class=\"container-fluid bg-white px-0 pt-5 pt-md-5\">\n                    <div class=\"container px-3\">\n<p>Nach der Demonstration des Digitalen Zwillings kam noch einmal das gesamte Smart City-Team auf die B\u00fchne &#8211; mittlerweile 11 Personen, die zur Einstimmung in den darauffolgenden gem\u00fctlichen Teil des Abends im Sprechchor das Motto der Smart City verk\u00fcndeten: \u201eGemeinsam machen wir Bamberg smart!\u201c.<\/p>\n<\/div>\n                <\/section>\n\n\n<figure class=\"wp-block-image size-large\"><img decoding=\"async\" src=\"https:\/\/smartcity.bamberg.de\/wp-content\/uploads\/2023\/05\/Meilensteinfeier-Smart-City-17-1024x683.jpg\" alt=\"\" class=\"wp-image-1921\"\/><figcaption>Das Team von Smart City Bamberg <\/figcaption><\/figure>\n\n\n<section class=\"container-fluid bg-white px-0 pt-5 pt-md-5\">\n                    <div class=\"container px-3\">\n<p>Im zweiten Teil des Abends waren die B\u00fcrger:innen an vielen Stationen eingeladen, die Angebote selbst auszuprobieren. So konnten beim Projekt <em>Digitale Schwarze Bretter<\/em> Dashboards bedient werden, die mit nur einem Klick Infos zu Wetter, Busfahrzeiten und Informationen zu Veranstaltungen preisgaben. Bei der <em>Digitalen Zeitreise<\/em> war es m\u00f6glich, via Augmented Reality die alte Stra\u00dfenbahn noch einmal \u00fcber die Obere Br\u00fccke fahren zu lassen. Gleichzeitig hat ein 3D-Drucker vom <em>Backspace e.V.,<\/em> dem Hackerspace Bambergs eine Miniaturversion der Stephanskirche gedruckt, und die Mobilt\u00e4tsplattform &#8211; &amp; app der Stadtwerke Bamberg GmbH hat den aktuellen Fortschritt genauso pr\u00e4sentiert wie das Baumgesundheitsprojekt BaKIM.<\/p>\n<\/div>\n                <\/section>\n\n<section class=\"container-fluid bg-white px-0 pt-5 pt-md-5\">\n                    <div class=\"container px-3\">\n<p>\u201eRundum ein gelungener Abend, der gezeigt hat was wir schon geleistet haben und wo es in den n\u00e4chsten Jahren bei Smart City noch hingeht. Wir freuen uns darauf, dann auch die weiteren Meilensteine gemeinsam mit den Bamberger:innen zu feiern\u201c, so der Programmleiter Sascha G\u00f6tz.<\/p>\n<\/div>\n                <\/section>\n\n<section class=\"container-fluid bg-white px-0 pt-5 pt-md-5\">\n                    <div class=\"container px-3\">\n<p><strong>Projekstationen<\/strong>:<\/p>\n<\/div>\n                <\/section>\n\n\n<figure class=\"wp-block-image size-large\"><img decoding=\"async\" src=\"https:\/\/smartcity.bamberg.de\/wp-content\/uploads\/2023\/05\/Meilensteinfeier-Smart-City-19-1024x683.jpg\" alt=\"\" class=\"wp-image-1922\"\/><figcaption>Digitale schwarze Bretter<\/figcaption><\/figure>\n\n\n\n<figure class=\"wp-block-image size-large\"><img decoding=\"async\" src=\"https:\/\/smartcity.bamberg.de\/wp-content\/uploads\/2023\/05\/Meilensteinfeier-Smart-City-23-1024x683.jpg\" alt=\"\" class=\"wp-image-1926\"\/><figcaption>Die Mobilit\u00e4tsplattform &amp;- app der STWB ist schon sehr weit!<\/figcaption><\/figure>\n\n\n\n<figure class=\"wp-block-image size-large\"><img decoding=\"async\" src=\"https:\/\/smartcity.bamberg.de\/wp-content\/uploads\/2023\/05\/Meilensteinfeier-Smart-City-21-1024x683.jpg\" alt=\"\" class=\"wp-image-1923\"\/><figcaption>Zielbilder der Smart City zum selbst testen.<\/figcaption><\/figure>\n\n\n\n<figure class=\"wp-block-image size-large\"><img decoding=\"async\" src=\"https:\/\/smartcity.bamberg.de\/wp-content\/uploads\/2023\/05\/Meilensteinfeier-Smart-City-25-1-1024x683.jpg\" alt=\"\" class=\"wp-image-1924\"\/><figcaption>Erstmaliger Einblick in den Digitalen Zwilling am Beispiel der Karolinenstra\u00df<\/figcaption><\/figure>\n\n\n\n<figure class=\"wp-block-image size-large\"><img decoding=\"async\" src=\"https:\/\/smartcity.bamberg.de\/wp-content\/uploads\/2023\/05\/Meilensteinfeier-Smart-City-24-1024x683.jpg\" alt=\"\" class=\"wp-image-1925\"\/><figcaption><a href=\"https:\/\/smartcity.bamberg.de\/2022\/07\/28\/projekt-bakim-hebt-ab\/\">BaKIM<\/a> Projektstation<\/figcaption><\/figure>\n\n\n\n<figure class=\"wp-block-image size-large\"><img decoding=\"async\" src=\"https:\/\/smartcity.bamberg.de\/wp-content\/uploads\/2023\/05\/Meilensteinfeier-Smart-City-22-1024x683.jpg\" alt=\"\" class=\"wp-image-1927\"\/><figcaption>Der Backspace-Verein stellt sich vor &amp; hat einen 3D-Drucker im Gep\u00e4ck <\/figcaption><\/figure>\n","protected":false},"excerpt":{"rendered":"<p>Am 04. Mai feierten wir den Abschluss der Strategiephase und die Erstellung unserer Smart City Strategie<\/p>\n","protected":false},"author":1,"featured_media":6453,"comment_status":"open","ping_status":"open","sticky":false,"template":"","format":"standard","meta":{"_acf_changed":false,"footnotes":""},"categories":[121,150],"class_list":["post-5510","post","type-post","status-publish","format-standard","has-post-thumbnail","hentry","category-programm-smart-city-2","category-veranstaltungen"],"acf":[],"_links":{"self":[{"href":"https:\/\/smartcity.bamberg.de\/en\/wp-json\/wp\/v2\/posts\/5510","targetHints":{"allow":["GET"]}}],"collection":[{"href":"https:\/\/smartcity.bamberg.de\/en\/wp-json\/wp\/v2\/posts"}],"about":[{"href":"https:\/\/smartcity.bamberg.de\/en\/wp-json\/wp\/v2\/types\/post"}],"author":[{"embeddable":true,"href":"https:\/\/smartcity.bamberg.de\/en\/wp-json\/wp\/v2\/users\/1"}],"replies":[{"embeddable":true,"href":"https:\/\/smartcity.bamberg.de\/en\/wp-json\/wp\/v2\/comments?post=5510"}],"version-history":[{"count":3,"href":"https:\/\/smartcity.bamberg.de\/en\/wp-json\/wp\/v2\/posts\/5510\/revisions"}],"predecessor-version":[{"id":6867,"href":"https:\/\/smartcity.bamberg.de\/en\/wp-json\/wp\/v2\/posts\/5510\/revisions\/6867"}],"wp:featuredmedia":[{"embeddable":true,"href":"https:\/\/smartcity.bamberg.de\/en\/wp-json\/wp\/v2\/media\/6453"}],"wp:attachment":[{"href":"https:\/\/smartcity.bamberg.de\/en\/wp-json\/wp\/v2\/media?parent=5510"}],"wp:term":[{"taxonomy":"category","embeddable":true,"href":"https:\/\/smartcity.bamberg.de\/en\/wp-json\/wp\/v2\/categories?post=5510"}],"curies":[{"name":"wp","href":"https:\/\/api.w.org\/{rel}","templated":true}]}}