{"id":5539,"date":"2023-10-19T11:47:04","date_gmt":"2023-10-19T09:47:04","guid":{"rendered":"https:\/\/smartcity.bamberg.de\/neuigkeiten\/smarter-cartoon\/"},"modified":"2026-01-28T15:33:55","modified_gmt":"2026-01-28T14:33:55","slug":"smarter-cartoon","status":"publish","type":"post","link":"https:\/\/smartcity.bamberg.de\/en\/smarter-cartoon\/","title":{"rendered":"Smarte Mobilit\u00e4t!"},"content":{"rendered":"<section class=\"container-fluid bg-white px-0 pt-5 pt-md-5\">\n                    <div class=\"container px-3\">\n<p><strong>Smarte Mobilit\u00e4t<\/strong><\/p>\n<\/div>\n                <\/section>\n\n\n<!--more-->\n\n\n\n<figure class=\"wp-block-image size-large is-resized\"><img loading=\"lazy\" decoding=\"async\" src=\"https:\/\/smartcity.bamberg.de\/wp-content\/uploads\/2023\/10\/Mai-768x1024.jpg\" alt=\"\" class=\"wp-image-2283\" width=\"374\" height=\"499\"\/><\/figure>\n\n\n<section class=\"container-fluid bg-white px-0 pt-5 pt-md-5\">\n                    <div class=\"container px-3\">\n<p>Bis zu autonom fahrenden Autos in der Smart City Bamberg wird es wohl noch etwas dauern. Die Mobilit\u00e4tsplattform hingegen, die vom Programm Smart City Bamberg in Kooperation mit den Stadtwerken Bamberg geplant ist und zeitnah zur Verf\u00fcgung stehen wird, hat zum Thema smarte Mobilit\u00e4t allerdings schon jetzt einiges vorzuweisen.<\/p>\n<\/div>\n                <\/section>\n\n<section class=\"container-fluid bg-white px-0 pt-5 pt-md-5\">\n                    <div class=\"container px-3\">\n<p>Die Mobilit\u00e4tsplattform baut sich aus zwei Elementen auf. Zum einen aus der Mobilit\u00e4ts-App und zum anderen aus dem Mobilit\u00e4tsmanager. In der App k\u00f6nnen die Nutzer:innen alle zur Verf\u00fcgung stehenden Mobilit\u00e4tsdienste auf einmal sehen. Quasi eine App f\u00fcr Alles, f\u00fcr das Buchen von e-Scootern, Car-Sharing Autos, Bustickets und Leihr\u00e4dern. Es ist sogar m\u00f6glich zu w\u00e4hlen welche Routenart bevorzugt wird. M\u00f6chte ich eher sportlich an mein Ziel kommen, dann schl\u00e4gt mir die App ein E-Bike vor. M\u00f6chte ich dagegen auf dem nachhaltigsten Weg zu meinem Wunschort gelangen, werden die besten \u00d6PNV-Wege f\u00fcr mich herausgesucht. In der App l\u00e4sst sich dann auch alles geb\u00fcndelt und einfach bezahlen und die Nutzer:innen werden zum entsprechenden und n\u00e4chstgelegenen Mobilit\u00e4tsdienst navigiert.<\/p>\n<\/div>\n                <\/section>\n\n<section class=\"container-fluid bg-white px-0 pt-5 pt-md-5\">\n                    <div class=\"container px-3\">\n<p>Beim Mobilit\u00e4tsmanager hingegen werden die Daten zusammengef\u00fchrt, die aus der Nutzung der Mobilit\u00e4tsdienste entstehen. Dabei entsteht ein Datenpool, den es in dieser Form noch nicht gibt und dessen Auswertung zeigen wird, auf welche Weise die einzelnen Dienste genutzt werden. Das erm\u00f6glicht f\u00fcr die Verkehrsplanung und dazugeh\u00f6rige Angebotsgestaltung ganz neue M\u00f6glichkeiten. Fragen wie: Werden die Angebote denn genutzt wie geplant? Werden sie auch dort genutzt wo eine hohe Nachfrage besteht? k\u00f6nnen datenbasiert beantwortet werden. Somit ist es m\u00f6glich noch bessere auf die Bamberger:innen zugeschnittene Angebote zu gestalten.<\/p>\n<\/div>\n                <\/section>\n\n<section class=\"container-fluid bg-white px-0 pt-5 pt-md-5\">\n                    <div class=\"container px-3\">\n<p><\/p>\n<\/div>\n                <\/section>","protected":false},"excerpt":{"rendered":"<p>Hintergrundinfos zur geplanten Mobilit\u00e4tsplattform und -App<\/p>\n","protected":false},"author":1,"featured_media":1884,"comment_status":"open","ping_status":"open","sticky":false,"template":"","format":"standard","meta":{"_acf_changed":false,"footnotes":""},"categories":[133],"class_list":["post-5539","post","type-post","status-publish","format-standard","has-post-thumbnail","hentry","category-mobilitaetsplattform-app"],"acf":[],"_links":{"self":[{"href":"https:\/\/smartcity.bamberg.de\/en\/wp-json\/wp\/v2\/posts\/5539","targetHints":{"allow":["GET"]}}],"collection":[{"href":"https:\/\/smartcity.bamberg.de\/en\/wp-json\/wp\/v2\/posts"}],"about":[{"href":"https:\/\/smartcity.bamberg.de\/en\/wp-json\/wp\/v2\/types\/post"}],"author":[{"embeddable":true,"href":"https:\/\/smartcity.bamberg.de\/en\/wp-json\/wp\/v2\/users\/1"}],"replies":[{"embeddable":true,"href":"https:\/\/smartcity.bamberg.de\/en\/wp-json\/wp\/v2\/comments?post=5539"}],"version-history":[{"count":2,"href":"https:\/\/smartcity.bamberg.de\/en\/wp-json\/wp\/v2\/posts\/5539\/revisions"}],"predecessor-version":[{"id":6861,"href":"https:\/\/smartcity.bamberg.de\/en\/wp-json\/wp\/v2\/posts\/5539\/revisions\/6861"}],"wp:featuredmedia":[{"embeddable":true,"href":"https:\/\/smartcity.bamberg.de\/en\/wp-json\/wp\/v2\/media\/1884"}],"wp:attachment":[{"href":"https:\/\/smartcity.bamberg.de\/en\/wp-json\/wp\/v2\/media?parent=5539"}],"wp:term":[{"taxonomy":"category","embeddable":true,"href":"https:\/\/smartcity.bamberg.de\/en\/wp-json\/wp\/v2\/categories?post=5539"}],"curies":[{"name":"wp","href":"https:\/\/api.w.org\/{rel}","templated":true}]}}