{"id":5543,"date":"2023-10-19T11:49:18","date_gmt":"2023-10-19T09:49:18","guid":{"rendered":"https:\/\/smartcity.bamberg.de\/neuigkeiten\/smart-vernetzt\/"},"modified":"2026-01-28T15:33:11","modified_gmt":"2026-01-28T14:33:11","slug":"smart-vernetzt","status":"publish","type":"post","link":"https:\/\/smartcity.bamberg.de\/en\/smart-vernetzt\/","title":{"rendered":"Smart Vernetzt!"},"content":{"rendered":"<section class=\"container-fluid bg-white px-0 pt-5 pt-md-5\">\n                    <div class=\"container px-3\">\n<p><strong>Bamberg gemeinsam smarter machen!<\/strong><\/p>\n<\/div>\n                <\/section>\n\n\n<!--more-->\n\n\n<section class=\"container-fluid bg-white px-0 pt-5 pt-md-5\">\n                    <div class=\"container px-3\">\n<p>Die Vernetzung und Teilhabe der B\u00fcrgerschaft steht im Programm Smart City Bamberg besonders im Fokus. Schlie\u00dflich wurde in Bamberg bewusst der Ansatz gew\u00e4hlt, die meisten der umzusetzenden Projekte in der B\u00fcrgerschaft zu entwickeln. Ein solches Projekt wird die Engagementplattform \u201eLebendige B\u00fcrgerschaft\u201c sein. Bereits 2021 wurde die Idee bei der Ideenschmiede von engagierten B\u00fcrger:innen eingebracht. Seitdem denkt und arbeitet eine ehrenamtliche B\u00fcrger:innengruppe gemeinam mit Smart City Bamberg weiter daran, die Plattform auf den Weg zu bringen.<\/p>\n<\/div>\n                <\/section>\n\n<section class=\"container-fluid bg-white px-0 pt-5 pt-md-5\">\n                    <div class=\"container px-3\">\n<p>Was motiviert Werner Burghart, B\u00fcrger der Stadt und aktiv beim Netzwerk <em>Transition Bamberg<\/em>, am Projekt mitzuarbeiten? \u201eB\u00fcrgerinnen und B\u00fcrger f\u00fchlen sich oft auf sich allein gestellt, wenn sie eine Idee in der Stadt verwirklichen wollen. Schaffen wir es, dass diese Menschen sich begegnen und wertsch\u00e4tzen, dann entsteht Zusammenarbeit, mehr gute Laune und ein besseres Ergebnis. Also mehr Lebensqualit\u00e4t schon auf dem Weg!\u201c<\/p>\n<\/div>\n                <\/section>\n\n<div class=\"wp-block-image\">\n<figure class=\"aligncenter size-large is-resized\"><img loading=\"lazy\" decoding=\"async\" src=\"https:\/\/smartcity.bamberg.de\/wp-content\/uploads\/2023\/10\/August-768x1024.jpg\" alt=\"\" class=\"wp-image-2289\" width=\"310\" height=\"413\"\/><\/figure><\/div>\n\n<section class=\"container-fluid bg-white px-0 pt-5 pt-md-5\">\n                    <div class=\"container px-3\">\n<p>Doch was soll die Plattform k\u00f6nnen und wo unterscheidet sie sich zu bestehenden Angeboten wie Facebook &amp; Co? Ein besonderes Anliegen der Plattform ist es gemeinsam etwas voranzubringen. Deshalb ist es geplant, dass B\u00fcrger:innen und auch die Stadtverwaltung dort gemeinsam an Projekten zusammenarbeiten k\u00f6nnen. Tools zu Projektmanagement oder die gemeinsame Bearbeitung eines Textdokumentes sind daher eine Grundvoraussetzung. Neben der gemeinsamen Arbeit an Projekten steht auch das Engagement und die Sichtbarkeit im Vordergrund. So sollen Vereine, Hilfsorganisationen, Gruppentreffs oder spontane Aktionen im Stadtraum sichtbar werden und Interessierte k\u00f6nnen sich anschlie\u00dfen oder Kontakt aufnehmen. M\u00fcllsammelaktion an der Erba? Fu\u00dfballmatch im Hain? Oder ein neues B\u00fcrger:innenprojekt f\u00fcr Parkb\u00e4nke? Die Einsatzm\u00f6glichkeiten sind vielf\u00e4ltig und werden mit den anderen L\u00f6sungen von Smart City nat\u00fcrlich smart verkn\u00fcpft. Das Projekt wird unter anderem vom Amt f\u00fcr B\u00fcrgerbeteiligung, Presse- und \u00d6ffentlichkeitsarbeit der Stadt Bamberg mitentwickelt.<\/p>\n<\/div>\n                <\/section>\n\n<section class=\"container-fluid bg-white px-0 pt-5 pt-md-5\">\n                    <div class=\"container px-3\">\n<p>\u201eWir entwickeln hier gemeinsam mit der B\u00fcrgerschaft, aber auch mit anderen Smart-City-Kommunen wie Kiel und L\u00fcbeck einen zentralen Anlaufpunkt zur Vernetzung in Bamberg. Das Ziel ist es, die B\u00fcrgerinnen und B\u00fcrger n\u00e4her zusammenzubringen und f\u00fcr sie einen direkten Draht zur Verwaltung zu schaffen\u201c, erkl\u00e4rt der Amtsleiter Michael Memmel, der hier auch als Projektleiter fungiert.&nbsp;<\/p>\n<\/div>\n                <\/section>\n\n<section class=\"container-fluid bg-white px-0 pt-5 pt-md-5\">\n                    <div class=\"container px-3\">\n<p>Denn auch das ist \u201eSmart City\u201c \u2013 Menschen mit Hilfe von digitalen Mitteln auch analog zu vernetzen und das vor allem &#8211; zusammen!<\/p>\n<\/div>\n                <\/section>\n\n<section class=\"container-fluid bg-white px-0 pt-5 pt-md-5\">\n                    <div class=\"container px-3\">\n<p>Haben Sie als B\u00fcrger:in, Verband oder Verein Ideen oder Anmerkungen f\u00fcr eine solche Plattform? Dann melden Sie sich gerne bei Steve Henschel, Projektmanager: <a href=\"mailto:Steve.Henschel@stadt.bamberg.de\">Steve.Henschel@stadt.bamberg.de<\/a><\/p>\n<\/div>\n                <\/section>","protected":false},"excerpt":{"rendered":"<p>Erfahrt mehr \u00fcber unsere Engagementplattform &#8211; ein Projekt f\u00fcr alle, die Bamberg mitgestalten wollen!<\/p>\n","protected":false},"author":1,"featured_media":6375,"comment_status":"open","ping_status":"open","sticky":false,"template":"","format":"standard","meta":{"_acf_changed":false,"footnotes":""},"categories":[138],"class_list":["post-5543","post","type-post","status-publish","format-standard","has-post-thumbnail","hentry","category-engagementplattform"],"acf":[],"_links":{"self":[{"href":"https:\/\/smartcity.bamberg.de\/en\/wp-json\/wp\/v2\/posts\/5543","targetHints":{"allow":["GET"]}}],"collection":[{"href":"https:\/\/smartcity.bamberg.de\/en\/wp-json\/wp\/v2\/posts"}],"about":[{"href":"https:\/\/smartcity.bamberg.de\/en\/wp-json\/wp\/v2\/types\/post"}],"author":[{"embeddable":true,"href":"https:\/\/smartcity.bamberg.de\/en\/wp-json\/wp\/v2\/users\/1"}],"replies":[{"embeddable":true,"href":"https:\/\/smartcity.bamberg.de\/en\/wp-json\/wp\/v2\/comments?post=5543"}],"version-history":[{"count":2,"href":"https:\/\/smartcity.bamberg.de\/en\/wp-json\/wp\/v2\/posts\/5543\/revisions"}],"predecessor-version":[{"id":6860,"href":"https:\/\/smartcity.bamberg.de\/en\/wp-json\/wp\/v2\/posts\/5543\/revisions\/6860"}],"wp:featuredmedia":[{"embeddable":true,"href":"https:\/\/smartcity.bamberg.de\/en\/wp-json\/wp\/v2\/media\/6375"}],"wp:attachment":[{"href":"https:\/\/smartcity.bamberg.de\/en\/wp-json\/wp\/v2\/media?parent=5543"}],"wp:term":[{"taxonomy":"category","embeddable":true,"href":"https:\/\/smartcity.bamberg.de\/en\/wp-json\/wp\/v2\/categories?post=5543"}],"curies":[{"name":"wp","href":"https:\/\/api.w.org\/{rel}","templated":true}]}}