{"id":5583,"date":"2024-02-28T07:58:06","date_gmt":"2024-02-28T06:58:06","guid":{"rendered":"https:\/\/smartcity.bamberg.de\/neuigkeiten\/smarte-zusammenarbeit\/"},"modified":"2026-01-27T14:34:58","modified_gmt":"2026-01-27T13:34:58","slug":"smarte-zusammenarbeit","status":"publish","type":"post","link":"https:\/\/smartcity.bamberg.de\/en\/smarte-zusammenarbeit\/","title":{"rendered":"Smarte Zusammenarbeit"},"content":{"rendered":"<section class=\"container-fluid bg-white px-0 pt-5 pt-md-5\">\n                    <div class=\"container px-3\">\n<p><em><strong>Das Modellprojekt Smart City Bamberg wird, wie auch in 72 anderen Kommunen und Landkreisverb\u00e4nden, vom Bundesministerium f\u00fcr Wohnen, Stadtentwicklung und Bauwesen gef\u00f6rdert. 73 St\u00e4dte, die viel Geld erhalten, um smarter zu werden, digitale L\u00f6sungen zu finden und vor allem Anwendungen zu entwickeln, die jede deutsche Kommune \u00fcbernehmen k\u00f6nnen soll.<\/strong><\/em><\/p>\n<\/div>\n                <\/section>\n\n\n<!--more-->\n\n\n<section class=\"container-fluid bg-white px-0 pt-5 pt-md-5\">\n                    <div class=\"container px-3\">\n<p>Klar, dass hier auch smart zusammengearbeitet werden muss, denn klug w\u00e4re es ja nicht, wenn jede Stadt f\u00fcr sich selbst etwas entwickelt \u2013 so w\u00e4ren zahlreiche Parallell\u00f6sungen kaum zu vermeiden.<\/p>\n<\/div>\n                <\/section>\n\n<section class=\"container-fluid bg-white px-0 pt-5 pt-md-5\">\n                    <div class=\"container px-3\">\n<p>Deshalb ist ein wichtiger Punkt des F\u00f6rderprogramms: Zusammenarbeit. Dies wird in Bamberg wird schon sehr intensiv gelebt. So ist in Planung, mit L\u00fcbeck, Kiel und Hildesheim bei einer Plattform f\u00fcr B\u00fcrger:innen zusammen zu arbeiten &#8211; und auch beim Bamberger Projekt <em>Ferienabenteuer geht es <\/em>\u201egemeinsam\u201c voran. Mit der fr\u00e4nkischen Schwesterstadt W\u00fcrzburg wird derzeit an L\u00f6sungen zu smarteren Ferien geknobelt. Auch regional wird das gelebt! So wurde f\u00fcr den ersten Teil der Neu\u00fcberarbeitung des Projekts Ferienabenteuers besonders intensiv mit dem Stadtjugendamt und dem Landkreis Bamberg zusammengearbeitet. Nun kann das neue und verbesserte Buchungsportal f\u00fcr Ferien schon seit dem 1. Februar unter <a href=\"http:\/\/www.ferienabenteuer-bamberg.de\">www.ferienabenteuer-bamberg.de<\/a> genutzt werden. Viele gew\u00fcnschte Funktionen wie das Anlegen eines Nutzerprofils, in dem alle Kinder einer Familie angegeben werden k\u00f6nnen, wurden mit Smart City Bamberg-Unterst\u00fctzung integriert und erleichtern so die Buchungen f\u00fcr die Eltern.\u00a0<\/p>\n<\/div>\n                <\/section>\n\n<section class=\"container-fluid bg-white px-0 pt-5 pt-md-5\">\n                    <div class=\"container px-3\">\n<p>\u201eWir freuen uns auch k\u00fcnftig mit vielen anderen St\u00e4dten in Deutschland gemeinsam L\u00f6sungen zu entwickeln, denn smart bedeutet vor allem: Ressourcen schonen und zusammen nachdenken!\u201c, fasst Digitalisierungsreferent Dr. Stefan Goller zusammen.<\/p>\n<\/div>\n                <\/section>","protected":false},"excerpt":{"rendered":"<p>Bamberg und W\u00fcrzburg planen gemeinsam ein Ferienportal<\/p>\n","protected":false},"author":1,"featured_media":1940,"comment_status":"open","ping_status":"open","sticky":false,"template":"","format":"standard","meta":{"_acf_changed":false,"footnotes":""},"categories":[141,121],"class_list":["post-5583","post","type-post","status-publish","format-standard","has-post-thumbnail","hentry","category-ferienportal","category-programm-smart-city-2"],"acf":[],"_links":{"self":[{"href":"https:\/\/smartcity.bamberg.de\/en\/wp-json\/wp\/v2\/posts\/5583","targetHints":{"allow":["GET"]}}],"collection":[{"href":"https:\/\/smartcity.bamberg.de\/en\/wp-json\/wp\/v2\/posts"}],"about":[{"href":"https:\/\/smartcity.bamberg.de\/en\/wp-json\/wp\/v2\/types\/post"}],"author":[{"embeddable":true,"href":"https:\/\/smartcity.bamberg.de\/en\/wp-json\/wp\/v2\/users\/1"}],"replies":[{"embeddable":true,"href":"https:\/\/smartcity.bamberg.de\/en\/wp-json\/wp\/v2\/comments?post=5583"}],"version-history":[{"count":2,"href":"https:\/\/smartcity.bamberg.de\/en\/wp-json\/wp\/v2\/posts\/5583\/revisions"}],"predecessor-version":[{"id":6747,"href":"https:\/\/smartcity.bamberg.de\/en\/wp-json\/wp\/v2\/posts\/5583\/revisions\/6747"}],"wp:featuredmedia":[{"embeddable":true,"href":"https:\/\/smartcity.bamberg.de\/en\/wp-json\/wp\/v2\/media\/1940"}],"wp:attachment":[{"href":"https:\/\/smartcity.bamberg.de\/en\/wp-json\/wp\/v2\/media?parent=5583"}],"wp:term":[{"taxonomy":"category","embeddable":true,"href":"https:\/\/smartcity.bamberg.de\/en\/wp-json\/wp\/v2\/categories?post=5583"}],"curies":[{"name":"wp","href":"https:\/\/api.w.org\/{rel}","templated":true}]}}