{"id":5612,"date":"2024-10-16T12:57:30","date_gmt":"2024-10-16T10:57:30","guid":{"rendered":"https:\/\/smartcity.bamberg.de\/neuigkeiten\/wie-die-energiewende-gelingen-kann\/"},"modified":"2026-01-28T15:05:58","modified_gmt":"2026-01-28T14:05:58","slug":"wie-die-energiewende-gelingen-kann","status":"publish","type":"post","link":"https:\/\/smartcity.bamberg.de\/en\/wie-die-energiewende-gelingen-kann\/","title":{"rendered":"Wie die Energiewende gelingen kann"},"content":{"rendered":"<section class=\"container-fluid bg-white px-0 pt-5 pt-md-5\">\n                    <div class=\"container px-3\">\n<p><\/p>\n<\/div>\n                <\/section>\n\n<section class=\"container-fluid bg-white px-0 pt-5 pt-md-5\">\n                    <div class=\"container px-3\">\n<p>Seit Anfang Oktober ist die Ausstellung \u201e100% Zukunftsenergie\u201c im neuen Stadt:Raum an der Promenade am ZOB zu erleben. Bei der Er\u00f6ffnung w\u00fcrdigten \u00fcber sechzig G\u00e4ste die gemeinsame Initiative des Bamberger Klimaschutzb\u00fcndnisses und des Projekts \u201eMitMachKlima\u201c der Stadt Bamberg. Informative Banner mit Positivbeispielen aus der Region und inspirierende Werke heimischer K\u00fcnstlerinnen und K\u00fcnstler ermutigen zur Mitgestaltung der Energiewende in Bamberg.<\/p>\n<\/div>\n                <\/section>\n\n\n<!--more-->\n\n\n<section class=\"container-fluid bg-white px-0 pt-5 pt-md-5\">\n                    <div class=\"container px-3\">\n<p>Mit schwungvollen Spieluhr-Kl\u00e4ngen er\u00f6ffnete Musiker Franz Tr\u00f6ger die Ausstellung. Genauso schwungvoll muss es bei der Energiewende vorangehen: \u201eDer gesellschaftliche Wandel l\u00e4sst sich nicht abwenden oder ausblenden, sondern fordert Bewegung und Tatkraft von uns allen\u201c, so B\u00fcrgermeister und Klimareferent Jonas Gl\u00fcsenkamp. Im Namen der Stadtpolitik lobte er das zivilgesellschaftliche Engagement des Bamberger Klimaschutzb\u00fcndnisses, das mit seiner Kampagne zur aktiven Mitwirkung am Ziel 100 % erneuerbare Energien motivieren m\u00f6chte. Das passe hervorragend zum st\u00e4dtischen Gro\u00dfvorhaben MitMachKlima, durch das das Gemeinschaftsgef\u00fchl und die individuelle Verantwortung f\u00fcr Klimaschutz und Nachhaltigkeit gest\u00e4rkt und mit insgesamt 3,3 Millionen Euro entsprechende Teil- und Patenprojekte gef\u00f6rdert werden.<\/p>\n<\/div>\n                <\/section>\n\n<section class=\"container-fluid bg-white px-0 pt-5 pt-md-5\">\n                    <div class=\"container px-3\">\n<p>Die Ausstellung spricht B\u00fcrgerinnen und B\u00fcrger auf mehreren Ebenen an: Zwanzig Banner pr\u00e4sentieren Positivbeispiele gelungener oder geplanter Ma\u00dfnahmen zur Energieeinsparung und Energiegewinnung aus Sonne, Wind oder anderen regenerativen Quellen. In Texten, Schaubildern und Fotos bekommen Besuchende Einblick in aktuelle Entwicklungen vor Ort und erfahren zugleich mehr \u00fcber eigene Handlungsm\u00f6glichkeiten. Vielf\u00e4ltige Werke von jungen wie arrivierten K\u00fcnstlerinnen und K\u00fcnstlern aus der Region bereichern diese Zusammenstellung. \u201eEin echter \u00f6kologischer Wandel [\u2026] ist in erster Linie ein kultureller und mentaler Wandel\u201c, schreibt eine der Kunstschaffenden in ihrem Werktext. Genau dazu k\u00f6nnen die k\u00fcnstlerischen Exponate beitragen, weil sie unmittelbar ber\u00fchren, soziale und emotionale Facetten beleuchten und zum Nachdenken anregen.<\/p>\n<\/div>\n                <\/section>\n\n<section class=\"container-fluid bg-white px-0 pt-5 pt-md-5\">\n                    <div class=\"container px-3\">\n<p>Dass Ver\u00e4nderungen trotz Herausforderungen m\u00f6glich sind, machten bei der Er\u00f6ffnung die Sprecherinnen des Klimaschutzb\u00fcndnisses Luise M\u00fcller, Simone Jakobi und Christina K\u00f6lking in ihrem Beitrag eindrucksvoll deutlich. Poetry-Slammerin Hannah Haberger lieferte dazu in ihren meisterhaft gereimten Zeilen \u00fcber einen verschrobenen, erfindungsreichen Nachbarn ein nahbares Beispiel und herrliches Bild. \u201eGemeinsam, regional, wir packen\u2019s an\u201c lautet der Slogan der Initiative, als Logo gestaltet von Klimaschutzb\u00fcndnis-Mitglied Kim Becker. Sp\u00fcrbar wurde dieser Aufruf zum Mitmachen und Aktivwerden im \u201eEnergiekanon\u201c mit einem humorvollen Text von Rolf-Bernhard Essig, den alle Einladenden und G\u00e4ste begeistert zusammen anstimmten.<\/p>\n<\/div>\n                <\/section>\n\n<section class=\"container-fluid bg-white px-0 pt-5 pt-md-5\">\n                    <div class=\"container px-3\">\n<p>Die Ausstellung ist noch bis zum 22. Oktober 2024 im Stadt:Raum in der Promenadestra\u00dfe 6a zu sehen. Der Eintritt ist frei. Das Team von Smart City Bamberg, die Ehrenamtlichen des Bamberger Klimaschutzb\u00fcndnisses sowie \u00fcber die CariThek vermittelte freiwillige Helfer:innen begleiten die \u00d6ffnungszeiten jeweils am Dienstag und Mittwoch 13\u201317 Uhr, Donnerstag 16\u201319 Uhr und Samstag 10\u201314 Uhr.<\/p>\n<\/div>\n                <\/section>","protected":false},"excerpt":{"rendered":"<p>Die Ausstellung &#8220;100% Zukunftsenergie&#8221; noch bis zum 22. Oktober im Stadt:Raum<\/p>\n","protected":false},"author":1,"featured_media":2140,"comment_status":"open","ping_status":"open","sticky":false,"template":"","format":"standard","meta":{"_acf_changed":false,"footnotes":""},"categories":[150],"class_list":["post-5612","post","type-post","status-publish","format-standard","has-post-thumbnail","hentry","category-veranstaltungen"],"acf":[],"_links":{"self":[{"href":"https:\/\/smartcity.bamberg.de\/en\/wp-json\/wp\/v2\/posts\/5612","targetHints":{"allow":["GET"]}}],"collection":[{"href":"https:\/\/smartcity.bamberg.de\/en\/wp-json\/wp\/v2\/posts"}],"about":[{"href":"https:\/\/smartcity.bamberg.de\/en\/wp-json\/wp\/v2\/types\/post"}],"author":[{"embeddable":true,"href":"https:\/\/smartcity.bamberg.de\/en\/wp-json\/wp\/v2\/users\/1"}],"replies":[{"embeddable":true,"href":"https:\/\/smartcity.bamberg.de\/en\/wp-json\/wp\/v2\/comments?post=5612"}],"version-history":[{"count":2,"href":"https:\/\/smartcity.bamberg.de\/en\/wp-json\/wp\/v2\/posts\/5612\/revisions"}],"predecessor-version":[{"id":6839,"href":"https:\/\/smartcity.bamberg.de\/en\/wp-json\/wp\/v2\/posts\/5612\/revisions\/6839"}],"wp:featuredmedia":[{"embeddable":true,"href":"https:\/\/smartcity.bamberg.de\/en\/wp-json\/wp\/v2\/media\/2140"}],"wp:attachment":[{"href":"https:\/\/smartcity.bamberg.de\/en\/wp-json\/wp\/v2\/media?parent=5612"}],"wp:term":[{"taxonomy":"category","embeddable":true,"href":"https:\/\/smartcity.bamberg.de\/en\/wp-json\/wp\/v2\/categories?post=5612"}],"curies":[{"name":"wp","href":"https:\/\/api.w.org\/{rel}","templated":true}]}}