{"id":5621,"date":"2024-10-29T14:42:08","date_gmt":"2024-10-29T13:42:08","guid":{"rendered":"https:\/\/smartcity.bamberg.de\/neuigkeiten\/bakim-in-english\/"},"modified":"2026-01-28T15:01:01","modified_gmt":"2026-01-28T14:01:01","slug":"bakim-in-english","status":"publish","type":"post","link":"https:\/\/smartcity.bamberg.de\/en\/bakim-in-english\/","title":{"rendered":"BaKIM &#8211; in english"},"content":{"rendered":"<section class=\"container-fluid bg-white px-0 pt-5 pt-md-5\">\n                    <div class=\"container px-3\">\n<p>Das Projekt BaKIM fand zuletzt beim &#8220;International Smart Cities Network&#8221; (ISCN) Anklang und wurde in das Format &#8220;Online Advisory Programme&#8221; aufgenommen. Dort werden regelm\u00e4\u00dfig besonders vorbildliche Smart City Projekte aus Europa einem internationalen Publikum online vorgestellt.<\/p>\n<\/div>\n                <\/section>\n\n<section class=\"container-fluid bg-white px-0 pt-5 pt-md-5\">\n                    <div class=\"container px-3\">\n<p><em>The BaKIM project was recently well received by the \u201cInternational Smart Cities Network\u201d (ISCN) and was included in their \u201cOnline Advisory Program\u201d format. Here, particularly exemplary smart city projects from Europe are regularly presented online to an international audience.<\/em><\/p>\n<\/div>\n                <\/section>\n\n\n<!--more-->\n\n\n\n<hr class=\"wp-block-separator has-alpha-channel-opacity\"\/>\n\n\n<section class=\"container-fluid bg-white px-0 pt-5 pt-md-5\">\n                    <div class=\"container px-3\">\n<p>Sascha G\u00f6tz, Programmleiter von Smart City Bamberg, erkl\u00e4rte die Idee von BaKIM und warum es ein so wichtiges Projekt f\u00fcr Baumpfleger:innen ist. Jonas Troles erg\u00e4nzte mit detailierten Infos \u00fcber die verschiedenen Aufgaben, die die K\u00fcnstliche Intelligenz (KI) bereits erf\u00fcllen kann und gab einen Ausblick auf zuk\u00fcnftige Entwicklungen und die Erhebung neuer Datens\u00e4tze.<\/p>\n<\/div>\n                <\/section>\n\n<section class=\"container-fluid bg-white px-0 pt-5 pt-md-5\">\n                    <div class=\"container px-3\">\n<p>Genauere Informationen und die gesamte Aufnahme dieses Vortrages (in englischer Sprache) ist <a href=\"https:\/\/www.smart-city-dialog.de\/en\/events\/iscn-online-advisory-programme-15-green-infrastructure-smart-cities\" target=\"_blank\" rel=\"noreferrer noopener\">hier<\/a> zu finden.<\/p>\n<\/div>\n                <\/section>\n\n<section class=\"container-fluid bg-white px-0 pt-5 pt-md-5\">\n                    <div class=\"container px-3\">\n<p><\/p>\n<\/div>\n                <\/section>\n\n<section class=\"container-fluid bg-white px-0 pt-5 pt-md-5\">\n                    <div class=\"container px-3\">\n<p><em>Sascha G\u00f6tz, program manager of Smart City Bamberg, explained the idea of BaKIM and why it is such an important project for arborists. Jonas Troles added detailed information about the various tasks that the artificial intelligence (AI) can already perform and gave an outlook on future developments and the collection of new data sets.<\/em><\/p>\n<\/div>\n                <\/section>\n\n<section class=\"container-fluid bg-white px-0 pt-5 pt-md-5\">\n                    <div class=\"container px-3\">\n<p><em>More detailed information and the full recording of this presentation can be found <a href=\"https:\/\/www.smart-city-dialog.de\/en\/events\/iscn-online-advisory-programme-15-green-infrastructure-smart-cities\" target=\"_blank\" rel=\"noreferrer noopener\">here<\/a>.<\/em><\/p>\n<\/div>\n                <\/section>","protected":false},"excerpt":{"rendered":"<p>Vorstellung unseres Drohnenprojekts vor dem International Smart Cities Network (ISCN)<\/p>\n","protected":false},"author":1,"featured_media":2168,"comment_status":"open","ping_status":"open","sticky":false,"template":"","format":"standard","meta":{"_acf_changed":false,"footnotes":""},"categories":[130],"class_list":["post-5621","post","type-post","status-publish","format-standard","has-post-thumbnail","hentry","category-bakim"],"acf":[],"_links":{"self":[{"href":"https:\/\/smartcity.bamberg.de\/en\/wp-json\/wp\/v2\/posts\/5621","targetHints":{"allow":["GET"]}}],"collection":[{"href":"https:\/\/smartcity.bamberg.de\/en\/wp-json\/wp\/v2\/posts"}],"about":[{"href":"https:\/\/smartcity.bamberg.de\/en\/wp-json\/wp\/v2\/types\/post"}],"author":[{"embeddable":true,"href":"https:\/\/smartcity.bamberg.de\/en\/wp-json\/wp\/v2\/users\/1"}],"replies":[{"embeddable":true,"href":"https:\/\/smartcity.bamberg.de\/en\/wp-json\/wp\/v2\/comments?post=5621"}],"version-history":[{"count":2,"href":"https:\/\/smartcity.bamberg.de\/en\/wp-json\/wp\/v2\/posts\/5621\/revisions"}],"predecessor-version":[{"id":6836,"href":"https:\/\/smartcity.bamberg.de\/en\/wp-json\/wp\/v2\/posts\/5621\/revisions\/6836"}],"wp:featuredmedia":[{"embeddable":true,"href":"https:\/\/smartcity.bamberg.de\/en\/wp-json\/wp\/v2\/media\/2168"}],"wp:attachment":[{"href":"https:\/\/smartcity.bamberg.de\/en\/wp-json\/wp\/v2\/media?parent=5621"}],"wp:term":[{"taxonomy":"category","embeddable":true,"href":"https:\/\/smartcity.bamberg.de\/en\/wp-json\/wp\/v2\/categories?post=5621"}],"curies":[{"name":"wp","href":"https:\/\/api.w.org\/{rel}","templated":true}]}}