{"id":5679,"date":"2025-03-27T15:58:38","date_gmt":"2025-03-27T14:58:38","guid":{"rendered":"https:\/\/smartcity.bamberg.de\/neuigkeiten\/projekt-zur-bekaempfung-von-energiearmut-gewinnt-internationalen-preis\/"},"modified":"2026-01-27T15:03:35","modified_gmt":"2026-01-27T14:03:35","slug":"projekt-zur-bekaempfung-von-energiearmut-gewinnt-internationalen-preis","status":"publish","type":"post","link":"https:\/\/smartcity.bamberg.de\/en\/projekt-zur-bekaempfung-von-energiearmut-gewinnt-internationalen-preis\/","title":{"rendered":"Projekt zur Bek\u00e4mpfung von Energiearmut gewinnt internationalen Preis\u00a0"},"content":{"rendered":"<section class=\"container-fluid bg-white px-0 pt-5 pt-md-5\">\n                    <div class=\"container px-3\">\n<p>Drei Vertreter aus Bamberg reisten zuletzt nach Br\u00fcssel, Belgien um an der Abschlusskonferenz des europ\u00e4ischen F\u00f6rderprogrammes \u201eIntelligent Cities Challenge\u201c (ICC) teilzunehmen. Bei dieser Konferenz drehte sich alles um Vernetzung der Kommunen und ihrer smarten und nachhaltigen Projekte. Bamberg hatte hier nicht nur einen eigenen Stand, um seine sogenannten Local Green Deals, also lokale nachhaltige Vorhaben, vorzustellen, sondern wurde sogar mit einem Preis ausgezeichnet.<\/p>\n<\/div>\n                <\/section>\n\n\n<!--more-->\n\n\n<section class=\"container-fluid bg-white px-0 pt-5 pt-md-5\">\n                    <div class=\"container px-3\">\n<p>Bei diesem Preis wurde insbesonde der Local Green Deal zur Bek\u00e4mpfung der Energiearmut geehrt. Das Ziel des Deals ist es, einkommensschwachen Haushalten zu helfen, ihre Energiekosten zu reduzieren. Bei dem Kooperationsprojekt von Carithek, Klima- und Umweltamt und Stadtbau werden freiwillige Multiplikator:innen in Energiesparpotentialen und sozialen Fragen geschult, um anschlie\u00dfend bei Veranstaltungen oder Hausbesuchen ihr Wissen mit den Interessierten zu teilen. Zus\u00e4tzlich erhalten die Beratenen Energiesparartikel mit denen sie hunderte Euro im Jahr sparen k\u00f6nnen.<\/p>\n<\/div>\n                <\/section>\n\n<section class=\"container-fluid bg-white px-0 pt-5 pt-md-5\">\n                    <div class=\"container px-3\">\n<p>Dr. Stefan Goller, Referent f\u00fcr Wirtschaft und Digitalisierung der Stadt Bamberg berichtet stolz: \u201eEs war eine gro\u00dfe Ehre, vor Ort in Br\u00fcssel den Preis entgegen nehmen zu k\u00f6nnen. Wir arbeiten immer weiter daran, die Vorteile der Digitalisierung mit den Herausforderungen des Klimawandels zu verbinden und so neue L\u00f6sungen zu etablieren, die unsere Stadt voranbringen.\u201c<\/p>\n<\/div>\n                <\/section>\n\n<section class=\"container-fluid bg-white px-0 pt-5 pt-md-5\">\n                    <div class=\"container px-3\">\n<p>Von Seiten des Klima- und Umweltamtes ist Riccardo Schreck der lokale Experte im ICC-Programm und auch gleichzeitig Ideengeber f\u00fcr das preisgekr\u00f6nte Projekt: \u201eUnser Projekt entlastet Haushalte und Umwelt, zeigt dabei wie Klimaschutz und Soziales zusammen gedacht und gemacht werden k\u00f6nnen. Wir freuen uns sehr, dass dies auf internationaler Ebene so eine Anerkennung erf\u00e4hrt.\u201c<\/p>\n<\/div>\n                <\/section>\n\n\n<figure class=\"wp-block-gallery has-nested-images columns-default is-cropped wp-block-gallery-1 is-layout-flex wp-block-gallery-is-layout-flex\">\n<figure class=\"wp-block-image size-large\"><img decoding=\"async\" data-id=\"3218\" src=\"https:\/\/smartcity.bamberg.de\/wp-content\/uploads\/2025\/03\/202503-Besuch-in-Bruessel-6-scaled.jpg\" alt=\"\" class=\"wp-image-3218\"\/><figcaption>Sascha G\u00f6tz berichtet von den Bamberg Local Green Deals.<\/figcaption><\/figure>\n\n\n\n<figure class=\"wp-block-image size-large\"><img decoding=\"async\" data-id=\"3220\" src=\"https:\/\/smartcity.bamberg.de\/wp-content\/uploads\/2025\/03\/ICC_Ausstellung_SCB_Bamberg_mit_Team-scaled.jpg\" alt=\"\" class=\"wp-image-3220\"\/><figcaption>Die Bamberger Delegation stellt sich vor.<\/figcaption><\/figure>\n\n\n\n<figure class=\"wp-block-image size-large\"><img decoding=\"async\" data-id=\"3221\" src=\"https:\/\/smartcity.bamberg.de\/wp-content\/uploads\/2025\/03\/ICCDayTwo-137_DrGoller_Mayors_forum-scaled.jpg\" alt=\"\" class=\"wp-image-3221\"\/><figcaption>Dr. Stefan Goller nimmt am political summit teil.<\/figcaption><\/figure>\n<\/figure>\n","protected":false},"excerpt":{"rendered":"<p>Abschlusskonferenz des europ\u00e4ischen F\u00f6rderprogrammes \u201eIntelligent Cities Challenge\u201c (ICC)<\/p>\n","protected":false},"author":1,"featured_media":2334,"comment_status":"open","ping_status":"open","sticky":false,"template":"","format":"standard","meta":{"_acf_changed":false,"footnotes":""},"categories":[164],"class_list":["post-5679","post","type-post","status-publish","format-standard","has-post-thumbnail","hentry","category-eu-projekte"],"acf":[],"_links":{"self":[{"href":"https:\/\/smartcity.bamberg.de\/en\/wp-json\/wp\/v2\/posts\/5679","targetHints":{"allow":["GET"]}}],"collection":[{"href":"https:\/\/smartcity.bamberg.de\/en\/wp-json\/wp\/v2\/posts"}],"about":[{"href":"https:\/\/smartcity.bamberg.de\/en\/wp-json\/wp\/v2\/types\/post"}],"author":[{"embeddable":true,"href":"https:\/\/smartcity.bamberg.de\/en\/wp-json\/wp\/v2\/users\/1"}],"replies":[{"embeddable":true,"href":"https:\/\/smartcity.bamberg.de\/en\/wp-json\/wp\/v2\/comments?post=5679"}],"version-history":[{"count":2,"href":"https:\/\/smartcity.bamberg.de\/en\/wp-json\/wp\/v2\/posts\/5679\/revisions"}],"predecessor-version":[{"id":6781,"href":"https:\/\/smartcity.bamberg.de\/en\/wp-json\/wp\/v2\/posts\/5679\/revisions\/6781"}],"wp:featuredmedia":[{"embeddable":true,"href":"https:\/\/smartcity.bamberg.de\/en\/wp-json\/wp\/v2\/media\/2334"}],"wp:attachment":[{"href":"https:\/\/smartcity.bamberg.de\/en\/wp-json\/wp\/v2\/media?parent=5679"}],"wp:term":[{"taxonomy":"category","embeddable":true,"href":"https:\/\/smartcity.bamberg.de\/en\/wp-json\/wp\/v2\/categories?post=5679"}],"curies":[{"name":"wp","href":"https:\/\/api.w.org\/{rel}","templated":true}]}}