{"id":5700,"date":"2025-07-08T14:26:41","date_gmt":"2025-07-08T12:26:41","guid":{"rendered":"https:\/\/smartcity.bamberg.de\/neuigkeiten\/was-soll-eine-bamberg-app-koennen\/"},"modified":"2026-01-27T15:06:39","modified_gmt":"2026-01-27T14:06:39","slug":"was-soll-eine-bamberg-app-koennen","status":"publish","type":"post","link":"https:\/\/smartcity.bamberg.de\/en\/was-soll-eine-bamberg-app-koennen\/","title":{"rendered":"Was soll eine Bamberg-App k\u00f6nnen?"},"content":{"rendered":"<section class=\"container-fluid bg-white px-0 pt-5 pt-md-5\">\n                    <div class=\"container px-3\">\n<p><strong>Digitale Services und Neuigkeiten aus der Verwaltung, Erinnerungen an die M\u00fcllabfuhrtermine oder ein personalisierter Veranstaltungskalender \u2013 eine st\u00e4dtische App bietet viele M\u00f6glichkeiten f\u00fcr die Menschen in Bamberg. Am 22. Juli 2025 k\u00f6nnen Sie mitreden, was die Bamberg-App alles leisten soll!<\/strong><\/p>\n<\/div>\n                <\/section>\n\n\n<!--more-->\n\n\n<section class=\"container-fluid bg-white px-0 pt-5 pt-md-5\">\n                    <div class=\"container px-3\">\n<p>Im Rahmen des Programms Smart City Bamberg entstehen digitale Anwendungen, die einen Mehrwert f\u00fcr Bamberg und die Menschen darin schaffen sollen. Zwischen 2021 und 2022 wurden \u00fcber 250 Ideen gesammelt, aus denen 18 Projekte hervorgingen: vom Digitalen Zwilling \u00fcber die Engagement-Plattform bis hin zu digitalen Informationsstelen, den BamBoards. Bei all den verschiedenen Projekten wurde schnell klar, dass nicht 18 Einzell\u00f6sungen entwickelt werden sollten, sondern einige davon sinnvoll geb\u00fcndelt werden k\u00f6nnen. Auch seitens der Bev\u00f6lkerung und politischen Akteuren wurde der Ruf nach einer st\u00e4dtischen App laut, die die verschiedenen digitalen Dienste auf einer Plattform nutzbar macht. So entstand die Idee der Bamberg-App!<\/p>\n<\/div>\n                <\/section>\n\n<section class=\"container-fluid bg-white px-0 pt-5 pt-md-5\">\n                    <div class=\"container px-3\">\n<p>Aktuell wird eine erste Version der Bamberg-App entwickelt, die bereits einige Funktionen beinhaltet: So sollen ausgew\u00e4hlte Online-Dienste sowie Meldungen aus der Stadtverwaltung eingebunden werden, ebenso der bestehende Kulturkalender und die Smart City-Anwendung \u201eHier &amp; Jetzt\u201c, eine Karte mit Geheimtipps von und f\u00fcr Menschen in Bamberg.<\/p>\n<\/div>\n                <\/section>\n\n<section class=\"container-fluid bg-white px-0 pt-5 pt-md-5\">\n                    <div class=\"container px-3\">\n<p>Damit die Bamberg-App aber wirklich den Bed\u00fcrfnissen der Bambergerinnen und Bamberger entspricht, l\u00e4dt das Team von Smart City Bamberg dazu ein, sich an der Weiterentwicklung aktiv zu beteiligen!<\/p>\n<\/div>\n                <\/section>\n\n<section class=\"container-fluid bg-white px-0 pt-5 pt-md-5\">\n                    <div class=\"container px-3\">\n<p><strong>Am Dienstag, den 22. Juli 2025 findet deshalb zwischen 17.00 und 18.30 Uhr eine Beteiligungsveranstaltung im Stadt:Raum (Promenadestr. 6a, direkt am ZOB) statt.<\/strong> Nach einer kurzen Vorstellung der Projektidee und des aktuellen Entwicklungsstands wird der Prototyp ausprobiert. Anschlie\u00dfend werden Ideen gesammelt, was noch fehlt oder anders gestaltet werden sollte.<\/p>\n<\/div>\n                <\/section>\n\n<section class=\"container-fluid bg-white px-0 pt-5 pt-md-5\">\n                    <div class=\"container px-3\">\n<p><strong>F\u00fcr eine bessere Planbarkeit wird um Anmeldung bis zum 20.07. 2025 gebeten: <\/strong><a href=\"mailto:projekte.smartcity@stadt.bamberg.de\"><strong>projekte.smartcity@stadt.bamberg.de<\/strong><\/a><strong> oder 0951\/87-2119 (Jonas Behr). <\/strong>Es ist aber auch m\u00f6glich, kurzfristig vorbeizukommen.<\/p>\n<\/div>\n                <\/section>\n\n<section class=\"container-fluid bg-white px-0 pt-5 pt-md-5\">\n                    <div class=\"container px-3\">\n<p>Au\u00dferdem findet tags darauf, am Mittwoch, den 23. Juli 2025, ab 18.30 Uhr im Brauhaus Sternla der Smart City Stammtisch statt. Auch hier wird es Gelegenheit geben, Ideen f\u00fcr die Bamberg-App ganz informell einzubringen.<\/p>\n<\/div>\n                <\/section>\n\n<section class=\"container-fluid bg-white px-0 pt-5 pt-md-5\">\n                    <div class=\"container px-3\">\n<p>Smart City Bamberg freut sich auf Ihr Erscheinen, Ihre Ideen und Ihr Feedback!<\/p>\n<\/div>\n                <\/section>","protected":false},"excerpt":{"rendered":"<p>Komm am 22.07.2025 in den Stadt:Raum und erz\u00e4hl&#8217;s uns!<\/p>\n","protected":false},"author":1,"featured_media":6458,"comment_status":"open","ping_status":"open","sticky":false,"template":"","format":"standard","meta":{"_acf_changed":false,"footnotes":""},"categories":[149,169],"class_list":["post-5700","post","type-post","status-publish","format-standard","has-post-thumbnail","hentry","category-bamberg-app","category-beteiligung"],"acf":[],"_links":{"self":[{"href":"https:\/\/smartcity.bamberg.de\/en\/wp-json\/wp\/v2\/posts\/5700","targetHints":{"allow":["GET"]}}],"collection":[{"href":"https:\/\/smartcity.bamberg.de\/en\/wp-json\/wp\/v2\/posts"}],"about":[{"href":"https:\/\/smartcity.bamberg.de\/en\/wp-json\/wp\/v2\/types\/post"}],"author":[{"embeddable":true,"href":"https:\/\/smartcity.bamberg.de\/en\/wp-json\/wp\/v2\/users\/1"}],"replies":[{"embeddable":true,"href":"https:\/\/smartcity.bamberg.de\/en\/wp-json\/wp\/v2\/comments?post=5700"}],"version-history":[{"count":3,"href":"https:\/\/smartcity.bamberg.de\/en\/wp-json\/wp\/v2\/posts\/5700\/revisions"}],"predecessor-version":[{"id":6786,"href":"https:\/\/smartcity.bamberg.de\/en\/wp-json\/wp\/v2\/posts\/5700\/revisions\/6786"}],"wp:featuredmedia":[{"embeddable":true,"href":"https:\/\/smartcity.bamberg.de\/en\/wp-json\/wp\/v2\/media\/6458"}],"wp:attachment":[{"href":"https:\/\/smartcity.bamberg.de\/en\/wp-json\/wp\/v2\/media?parent=5700"}],"wp:term":[{"taxonomy":"category","embeddable":true,"href":"https:\/\/smartcity.bamberg.de\/en\/wp-json\/wp\/v2\/categories?post=5700"}],"curies":[{"name":"wp","href":"https:\/\/api.w.org\/{rel}","templated":true}]}}