{"id":6147,"date":"2025-03-17T14:00:00","date_gmt":"2025-03-17T13:00:00","guid":{"rendered":"https:\/\/smartcity.bamberg.de\/?p=6147"},"modified":"2026-01-27T14:32:58","modified_gmt":"2026-01-27T13:32:58","slug":"wissenschaft-und-paxis-im-austausch-dascit","status":"publish","type":"post","link":"https:\/\/smartcity.bamberg.de\/en\/wissenschaft-und-paxis-im-austausch-dascit\/","title":{"rendered":"Wissenschaft und Paxis im Austausch &#8211; DaSCiT"},"content":{"rendered":"<section class=\"container-fluid bg-white px-0 pt-5 pt-md-5\">\n                    <div class=\"container px-3\">\n<p>Am 02. M\u00e4rz 2025 fand in Bamberg ein eint\u00e4giges Symposium zum Thema <strong>Smart City Daten und Transfer<\/strong> stattfinden<strong> (Data Driven Smart City Science and Transferability &#8211; DaSCiT)<\/strong>. Dieses wurde im Rahmen der wissenschaftlichen BTW-Konferenz organisiert. Hier wurde das Wissen aus der Smart City-Forschung mit den Erfahrungen der Smart Cities verbunden.<\/p>\n<\/div>\n                <\/section>\n\n\n<!--more-->\n\n\n<section class=\"container-fluid bg-white px-0 pt-5 pt-md-5\">\n                    <div class=\"container px-3\">\n<p>Einen Rahmen f\u00fcr das Programm boten Keynotes von Expert:innen aus Wissenschaft und Praxis, so zum Beispiel von Prof. Dr. Clemens Westerkamp zu Intelligentem Verkehrsmanagement und von Dr. Nora Reinecke zur Anwendung von Digitalen Zwillingen.<\/p>\n<\/div>\n                <\/section>\n\n<section class=\"container-fluid bg-white px-0 pt-5 pt-md-5\">\n                    <div class=\"container px-3\">\n<p>In verschiedenen Sessions wurden die wissenschaftlichen Einreichungen von Studierenden und Promovierenden pr\u00e4sentiert. So wurden Forschungspapiere und Erfahrungsberichte beispielsweise in kurzen Vortr\u00e4gen vorgestellt und im Plenum diskutiert. Am Nachmittag wurden weitere Forschungsideen mit Hilfe von Postern pr\u00e4sentiert, an denen sich auch direkt in kleineren Gruppen R\u00fcckfragen und Diskussionen ergeben haben.<\/p>\n<\/div>\n                <\/section>\n\n<section class=\"container-fluid bg-white px-0 pt-5 pt-md-5\">\n                    <div class=\"container px-3\">\n<p>Zuletzt wurde noch unabh\u00e4ngig von konkreten Forschungsvorhaben zu vier Themen diskutiert: Zu der Nutzung von Daten in einer Smart City, zur \u00dcbertragbarkeit von Forschung in die tats\u00e4chliche Nutzung, zur K\u00fcnstlicher Intelligenz und zu Open Source. Dabei konnten sich die Teilnehmenden auf jeweils zwei Themen fokussieren und ihre Meinungen und Erfahrungen dazu austauschen.<\/p>\n<\/div>\n                <\/section>\n\n<section class=\"container-fluid bg-white px-0 pt-5 pt-md-5\">\n                    <div class=\"container px-3\">\n<p>Der Tag endete mit einem Empfang im Stadt:Raum, bei dem nicht nur Teilnehmende des Workshoptages, sondern auch der gesamten BTW-Konferenz sich austauschen und bei einem Snack und einem Getr\u00e4nk ins Gespr\u00e4ch kommen konnten.<\/p>\n<\/div>\n                <\/section>\n\n\n<figure class=\"wp-block-gallery has-nested-images columns-default is-cropped wp-block-gallery-1 is-layout-flex wp-block-gallery-is-layout-flex\">\n<figure class=\"wp-block-image size-large\"><img loading=\"lazy\" decoding=\"async\" width=\"384\" height=\"512\" data-id=\"6151\" src=\"https:\/\/smartcity.bamberg.de\/wp-content\/uploads\/2025\/10\/20250303-DaSCIT-18.jpg\" alt=\"\" class=\"wp-image-6151\" srcset=\"https:\/\/smartcity.bamberg.de\/wp-content\/uploads\/2025\/10\/20250303-DaSCIT-18.jpg 384w, https:\/\/smartcity.bamberg.de\/wp-content\/uploads\/2025\/10\/20250303-DaSCIT-18-225x300.jpg 225w\" sizes=\"auto, (max-width: 384px) 100vw, 384px\" \/><\/figure>\n\n\n\n<figure class=\"wp-block-image size-large\"><img loading=\"lazy\" decoding=\"async\" width=\"384\" height=\"512\" data-id=\"6157\" src=\"https:\/\/smartcity.bamberg.de\/wp-content\/uploads\/2025\/10\/1000007305.jpg\" alt=\"\" class=\"wp-image-6157\" srcset=\"https:\/\/smartcity.bamberg.de\/wp-content\/uploads\/2025\/10\/1000007305.jpg 384w, https:\/\/smartcity.bamberg.de\/wp-content\/uploads\/2025\/10\/1000007305-225x300.jpg 225w\" sizes=\"auto, (max-width: 384px) 100vw, 384px\" \/><\/figure>\n\n\n\n<figure class=\"wp-block-image size-large\"><img loading=\"lazy\" decoding=\"async\" width=\"384\" height=\"512\" data-id=\"6154\" src=\"https:\/\/smartcity.bamberg.de\/wp-content\/uploads\/2025\/10\/1000007312.jpg\" alt=\"\" class=\"wp-image-6154\" srcset=\"https:\/\/smartcity.bamberg.de\/wp-content\/uploads\/2025\/10\/1000007312.jpg 384w, https:\/\/smartcity.bamberg.de\/wp-content\/uploads\/2025\/10\/1000007312-225x300.jpg 225w\" sizes=\"auto, (max-width: 384px) 100vw, 384px\" \/><\/figure>\n<\/figure>\n","protected":false},"excerpt":{"rendered":"<p>R\u00fcckblick auf ein eint\u00e4giges Symposium an der Uni Bamberg<\/p>\n","protected":false},"author":4,"featured_media":6148,"comment_status":"open","ping_status":"open","sticky":false,"template":"","format":"standard","meta":{"_acf_changed":false,"footnotes":""},"categories":[124,150],"class_list":["post-6147","post","type-post","status-publish","format-standard","has-post-thumbnail","hentry","category-smart-city-research-lab-2","category-veranstaltungen"],"acf":[],"_links":{"self":[{"href":"https:\/\/smartcity.bamberg.de\/en\/wp-json\/wp\/v2\/posts\/6147","targetHints":{"allow":["GET"]}}],"collection":[{"href":"https:\/\/smartcity.bamberg.de\/en\/wp-json\/wp\/v2\/posts"}],"about":[{"href":"https:\/\/smartcity.bamberg.de\/en\/wp-json\/wp\/v2\/types\/post"}],"author":[{"embeddable":true,"href":"https:\/\/smartcity.bamberg.de\/en\/wp-json\/wp\/v2\/users\/4"}],"replies":[{"embeddable":true,"href":"https:\/\/smartcity.bamberg.de\/en\/wp-json\/wp\/v2\/comments?post=6147"}],"version-history":[{"count":2,"href":"https:\/\/smartcity.bamberg.de\/en\/wp-json\/wp\/v2\/posts\/6147\/revisions"}],"predecessor-version":[{"id":6745,"href":"https:\/\/smartcity.bamberg.de\/en\/wp-json\/wp\/v2\/posts\/6147\/revisions\/6745"}],"wp:featuredmedia":[{"embeddable":true,"href":"https:\/\/smartcity.bamberg.de\/en\/wp-json\/wp\/v2\/media\/6148"}],"wp:attachment":[{"href":"https:\/\/smartcity.bamberg.de\/en\/wp-json\/wp\/v2\/media?parent=6147"}],"wp:term":[{"taxonomy":"category","embeddable":true,"href":"https:\/\/smartcity.bamberg.de\/en\/wp-json\/wp\/v2\/categories?post=6147"}],"curies":[{"name":"wp","href":"https:\/\/api.w.org\/{rel}","templated":true}]}}