{"id":6230,"date":"2024-07-25T10:09:00","date_gmt":"2024-07-25T08:09:00","guid":{"rendered":"https:\/\/smartcity.bamberg.de\/?p=6230"},"modified":"2026-01-28T15:10:01","modified_gmt":"2026-01-28T14:10:01","slug":"so-digital-ist-bamberg","status":"publish","type":"post","link":"https:\/\/smartcity.bamberg.de\/en\/so-digital-ist-bamberg\/","title":{"rendered":"So digital ist Bamberg!"},"content":{"rendered":"<section class=\"container-fluid bg-white px-0 pt-5 pt-md-5\">\n                    <div class=\"container px-3\">\n<p><strong>&#8220;Bamberg Digital&#8221; war ein bunter Tag, bei dem sich digitale Partner aus Bamberg vorstellen konnten. Geplant war ein &#8220;Markt der M\u00f6glichkeiten&#8221; beim Sommer an der Promenade. Aufgrund des unsicheren Wetters wurde das Programm aber kurzfristig nach drinnen verlegt. Somit wurde der Stadt:Raum gleich noch offiziell eingeweiht!<\/strong><\/p>\n<\/div>\n                <\/section>\n\n\n<!--more-->\n\n\n<section class=\"container-fluid bg-white px-0 pt-5 pt-md-5\">\n                    <div class=\"container px-3\">\n<p>Der Tag begann mit zwei Workshops f\u00fcr Sch\u00fcler:innen an der Pestalozzischule: Die j\u00fcngeren Jahrgangsstufen durften sich in einem Workshop mit Neo Bamberg im Bereich Technik austoben. Dabei konnten erste Erfahrungen im L\u00f6ten gemacht werden und die Kinder haben gelernt, welche M\u00f6glichkeiten sich daraus ergeben und das digitales Experimentieren ganz sch\u00f6n Spa\u00df macht!<\/p>\n<\/div>\n                <\/section>\n\n\n<figure class=\"wp-block-gallery has-nested-images columns-default is-cropped wp-block-gallery-1 is-layout-flex wp-block-gallery-is-layout-flex\">\n<figure class=\"wp-block-image size-large\"><img loading=\"lazy\" decoding=\"async\" width=\"769\" height=\"1024\" data-id=\"6234\" src=\"https:\/\/smartcity.bamberg.de\/wp-content\/uploads\/2025\/10\/2024-07-12-Bamberg-Digital-1-769x1024.jpg\" alt=\"\" class=\"wp-image-6234\" srcset=\"https:\/\/smartcity.bamberg.de\/wp-content\/uploads\/2025\/10\/2024-07-12-Bamberg-Digital-1-769x1024.jpg 769w, https:\/\/smartcity.bamberg.de\/wp-content\/uploads\/2025\/10\/2024-07-12-Bamberg-Digital-1-225x300.jpg 225w, https:\/\/smartcity.bamberg.de\/wp-content\/uploads\/2025\/10\/2024-07-12-Bamberg-Digital-1-768x1023.jpg 768w, https:\/\/smartcity.bamberg.de\/wp-content\/uploads\/2025\/10\/2024-07-12-Bamberg-Digital-1-1153x1536.jpg 1153w, https:\/\/smartcity.bamberg.de\/wp-content\/uploads\/2025\/10\/2024-07-12-Bamberg-Digital-1-1538x2048.jpg 1538w, https:\/\/smartcity.bamberg.de\/wp-content\/uploads\/2025\/10\/2024-07-12-Bamberg-Digital-1-scaled.jpg 1922w\" sizes=\"auto, (max-width: 769px) 100vw, 769px\" \/><figcaption class=\"wp-element-caption\">L\u00f6tworkshop mit NEO<\/figcaption><\/figure>\n\n\n\n<figure class=\"wp-block-image size-large\"><img loading=\"lazy\" decoding=\"async\" width=\"769\" height=\"1024\" data-id=\"6231\" src=\"https:\/\/smartcity.bamberg.de\/wp-content\/uploads\/2025\/10\/2024-07-12-Bamberg-Digital-2-769x1024.jpg\" alt=\"\" class=\"wp-image-6231\" srcset=\"https:\/\/smartcity.bamberg.de\/wp-content\/uploads\/2025\/10\/2024-07-12-Bamberg-Digital-2-769x1024.jpg 769w, https:\/\/smartcity.bamberg.de\/wp-content\/uploads\/2025\/10\/2024-07-12-Bamberg-Digital-2-225x300.jpg 225w, https:\/\/smartcity.bamberg.de\/wp-content\/uploads\/2025\/10\/2024-07-12-Bamberg-Digital-2-768x1023.jpg 768w, https:\/\/smartcity.bamberg.de\/wp-content\/uploads\/2025\/10\/2024-07-12-Bamberg-Digital-2-1153x1536.jpg 1153w, https:\/\/smartcity.bamberg.de\/wp-content\/uploads\/2025\/10\/2024-07-12-Bamberg-Digital-2-1538x2048.jpg 1538w, https:\/\/smartcity.bamberg.de\/wp-content\/uploads\/2025\/10\/2024-07-12-Bamberg-Digital-2-scaled.jpg 1922w\" sizes=\"auto, (max-width: 769px) 100vw, 769px\" \/><figcaption class=\"wp-element-caption\">L\u00f6ten ganz nah<\/figcaption><\/figure>\n<\/figure>\n\n\n<section class=\"container-fluid bg-white px-0 pt-5 pt-md-5\">\n                    <div class=\"container px-3\">\n<p>Im Stadt:Raum fand zun\u00e4chst ein Ideenworkshop statt, der von den Startup Teens durchgef\u00fchrt wurde, und Einblicke in die Startup-Welt vermitteln wollte. Die Gr\u00fcnder des Lieferdienstes <em>alora <\/em>erz\u00e4hlten von ihrer Gr\u00fcnderstory und standen den Sch\u00fcler:innen Rede und Antwort. Zudem durften die Teilnehmenden selbst aktiv werden. Mithilfe von Methoden aus dem Design Thinking haben die Sch\u00fcler:innen der Realschule Hirschaid und des Eichendorff-Gymnasiums gelernt aus Problemstellungen L\u00f6sungen zu entwickeln und diese Ideen mithilfe des Buisness Model Canvas in Gesch\u00e4ftsmodelle zu \u00fcbersetzen.<\/p>\n<\/div>\n                <\/section>\n\n<section class=\"container-fluid bg-white px-0 pt-5 pt-md-5\">\n                    <div class=\"container px-3\">\n<p>Die Sch\u00fcler:innen konnten in dem Workshop ihre Innovationskraft entfalten und haben ganz konkrete L\u00f6sungsvorschl\u00e4ge entwickelt. Dabei entstand beispielsweise die Idee zu einer Plattform, mit validierten Informationen zum Thema Finanzierung oder eine App, mit der Fake News per Foto und KI-basierter Texterkennung klassifiziert werden k\u00f6nnen.<\/p>\n<\/div>\n                <\/section>\n\n\n<hr class=\"wp-block-separator has-alpha-channel-opacity\"\/>\n\n\n<section class=\"container-fluid bg-white px-0 pt-5 pt-md-5\">\n                    <div class=\"container px-3\">\n<p>Das Nachmittagsprogramm musste aufgrund von regnerischen Wettervorhersagen leider von der N\u00f6rdlichen Promenade nach drin verlegt werden. Aber: eine tolle Gelegenheit, um den neuen Stadt:Raum einzuweihen und zu sehen, was hier alles m\u00f6glich ist!<\/p>\n<\/div>\n                <\/section>\n\n\n<figure class=\"wp-block-gallery has-nested-images columns-default is-cropped wp-block-gallery-2 is-layout-flex wp-block-gallery-is-layout-flex\">\n<figure class=\"wp-block-image size-large\"><img loading=\"lazy\" decoding=\"async\" width=\"461\" height=\"1024\" data-id=\"6237\" src=\"https:\/\/smartcity.bamberg.de\/wp-content\/uploads\/2025\/10\/2024-07-12-Bamberg-Digital-5-461x1024.jpg\" alt=\"\" class=\"wp-image-6237\" srcset=\"https:\/\/smartcity.bamberg.de\/wp-content\/uploads\/2025\/10\/2024-07-12-Bamberg-Digital-5-461x1024.jpg 461w, https:\/\/smartcity.bamberg.de\/wp-content\/uploads\/2025\/10\/2024-07-12-Bamberg-Digital-5-135x300.jpg 135w, https:\/\/smartcity.bamberg.de\/wp-content\/uploads\/2025\/10\/2024-07-12-Bamberg-Digital-5-768x1707.jpg 768w, https:\/\/smartcity.bamberg.de\/wp-content\/uploads\/2025\/10\/2024-07-12-Bamberg-Digital-5-691x1536.jpg 691w, https:\/\/smartcity.bamberg.de\/wp-content\/uploads\/2025\/10\/2024-07-12-Bamberg-Digital-5-921x2048.jpg 921w, https:\/\/smartcity.bamberg.de\/wp-content\/uploads\/2025\/10\/2024-07-12-Bamberg-Digital-5-scaled.jpg 1152w\" sizes=\"auto, (max-width: 461px) 100vw, 461px\" \/><figcaption class=\"wp-element-caption\">Ballons f\u00fcr den Stadt:Raum<\/figcaption><\/figure>\n\n\n\n<figure class=\"wp-block-image size-large\"><img loading=\"lazy\" decoding=\"async\" width=\"461\" height=\"1024\" data-id=\"6243\" src=\"https:\/\/smartcity.bamberg.de\/wp-content\/uploads\/2025\/10\/2024-07-12-Bamberg-Digital-7-461x1024.jpg\" alt=\"\" class=\"wp-image-6243\" srcset=\"https:\/\/smartcity.bamberg.de\/wp-content\/uploads\/2025\/10\/2024-07-12-Bamberg-Digital-7-461x1024.jpg 461w, https:\/\/smartcity.bamberg.de\/wp-content\/uploads\/2025\/10\/2024-07-12-Bamberg-Digital-7-135x300.jpg 135w, https:\/\/smartcity.bamberg.de\/wp-content\/uploads\/2025\/10\/2024-07-12-Bamberg-Digital-7-768x1707.jpg 768w, https:\/\/smartcity.bamberg.de\/wp-content\/uploads\/2025\/10\/2024-07-12-Bamberg-Digital-7-691x1536.jpg 691w, https:\/\/smartcity.bamberg.de\/wp-content\/uploads\/2025\/10\/2024-07-12-Bamberg-Digital-7-921x2048.jpg 921w, https:\/\/smartcity.bamberg.de\/wp-content\/uploads\/2025\/10\/2024-07-12-Bamberg-Digital-7-scaled.jpg 1152w\" sizes=\"auto, (max-width: 461px) 100vw, 461px\" \/><figcaption class=\"wp-element-caption\">Smart City Projekte<\/figcaption><\/figure>\n\n\n\n<figure class=\"wp-block-image size-large\"><img loading=\"lazy\" decoding=\"async\" width=\"461\" height=\"1024\" data-id=\"6240\" src=\"https:\/\/smartcity.bamberg.de\/wp-content\/uploads\/2025\/10\/2024-07-12-Bamberg-Digital-8-461x1024.jpg\" alt=\"\" class=\"wp-image-6240\" srcset=\"https:\/\/smartcity.bamberg.de\/wp-content\/uploads\/2025\/10\/2024-07-12-Bamberg-Digital-8-461x1024.jpg 461w, https:\/\/smartcity.bamberg.de\/wp-content\/uploads\/2025\/10\/2024-07-12-Bamberg-Digital-8-135x300.jpg 135w, https:\/\/smartcity.bamberg.de\/wp-content\/uploads\/2025\/10\/2024-07-12-Bamberg-Digital-8-768x1707.jpg 768w, https:\/\/smartcity.bamberg.de\/wp-content\/uploads\/2025\/10\/2024-07-12-Bamberg-Digital-8-691x1536.jpg 691w, https:\/\/smartcity.bamberg.de\/wp-content\/uploads\/2025\/10\/2024-07-12-Bamberg-Digital-8-921x2048.jpg 921w, https:\/\/smartcity.bamberg.de\/wp-content\/uploads\/2025\/10\/2024-07-12-Bamberg-Digital-8-scaled.jpg 1152w\" sizes=\"auto, (max-width: 461px) 100vw, 461px\" \/><figcaption class=\"wp-element-caption\">Lagarde1<\/figcaption><\/figure>\n<\/figure>\n\n\n<section class=\"container-fluid bg-white px-0 pt-5 pt-md-5\">\n                    <div class=\"container px-3\">\n<p>So konnten von 13 bis 17 Uhr nicht nur die Projekte von Smart City Bamberg entdeckt werden, sondern auch tolle digitale Initiativen aus ganz Bamberg. Das Digitale Gr\u00fcnderzentrum Lagarde1 brachte ein digitales Gl\u00fccksrad mit vielen tollen Gewinnen mit. Bei Neo konnten Kinder entdecken, wie sie selbst Strom leiten und was man damit tolles machen kann. Backspace hatte einen 3D-Drucker und viele selbst gedruckte Figuren dabei. Das KAB-Medienmobil zeigte mit dem &#8220;Technick-Michel&#8221;, wie wirklich jeder und jede niedrigschwellig mit digitalen Ger\u00e4ten umgehen kann.<\/p>\n<\/div>\n                <\/section>\n\n<section class=\"container-fluid bg-white px-0 pt-5 pt-md-5\">\n                    <div class=\"container px-3\">\n<p>Smart City Bamberg stellte direkt drei Projekte vor: den digitalen Zwilling, das BamBoard und die Smart City App. Neben Entdecken und Ausprobieren stand hier vor allem auch W\u00fcnsche \u00e4u\u00dfern und Feedback geben auf dem Programm. Das Smart City Research Lab war auch mit dabei. Prof. Dr. Patrick Tobias Fischer ist Professor f\u00fcr User Experience and Design und hat gezeigt, wie man sich auch ohne Maus und Tastatur, sondern mit einem Rad durch ein Stadtmodell bewegen kann.<\/p>\n<\/div>\n                <\/section>\n\n\n<figure class=\"wp-block-gallery has-nested-images columns-default is-cropped wp-block-gallery-3 is-layout-flex wp-block-gallery-is-layout-flex\">\n<figure class=\"wp-block-image size-large\"><img loading=\"lazy\" decoding=\"async\" width=\"461\" height=\"1024\" data-id=\"6249\" src=\"https:\/\/smartcity.bamberg.de\/wp-content\/uploads\/2025\/10\/2024-07-12-Bamberg-Digital-10-461x1024.jpg\" alt=\"\" class=\"wp-image-6249\" srcset=\"https:\/\/smartcity.bamberg.de\/wp-content\/uploads\/2025\/10\/2024-07-12-Bamberg-Digital-10-461x1024.jpg 461w, https:\/\/smartcity.bamberg.de\/wp-content\/uploads\/2025\/10\/2024-07-12-Bamberg-Digital-10-135x300.jpg 135w, https:\/\/smartcity.bamberg.de\/wp-content\/uploads\/2025\/10\/2024-07-12-Bamberg-Digital-10-768x1707.jpg 768w, https:\/\/smartcity.bamberg.de\/wp-content\/uploads\/2025\/10\/2024-07-12-Bamberg-Digital-10-691x1536.jpg 691w, https:\/\/smartcity.bamberg.de\/wp-content\/uploads\/2025\/10\/2024-07-12-Bamberg-Digital-10-921x2048.jpg 921w, https:\/\/smartcity.bamberg.de\/wp-content\/uploads\/2025\/10\/2024-07-12-Bamberg-Digital-10-scaled.jpg 1152w\" sizes=\"auto, (max-width: 461px) 100vw, 461px\" \/><figcaption class=\"wp-element-caption\">Backspace mit 3D Drucker<\/figcaption><\/figure>\n\n\n\n<figure class=\"wp-block-image size-large\"><img loading=\"lazy\" decoding=\"async\" width=\"461\" height=\"1024\" data-id=\"6252\" src=\"https:\/\/smartcity.bamberg.de\/wp-content\/uploads\/2025\/10\/2024-07-12-Bamberg-Digital-15-461x1024.jpg\" alt=\"\" class=\"wp-image-6252\" srcset=\"https:\/\/smartcity.bamberg.de\/wp-content\/uploads\/2025\/10\/2024-07-12-Bamberg-Digital-15-461x1024.jpg 461w, https:\/\/smartcity.bamberg.de\/wp-content\/uploads\/2025\/10\/2024-07-12-Bamberg-Digital-15-135x300.jpg 135w, https:\/\/smartcity.bamberg.de\/wp-content\/uploads\/2025\/10\/2024-07-12-Bamberg-Digital-15-768x1707.jpg 768w, https:\/\/smartcity.bamberg.de\/wp-content\/uploads\/2025\/10\/2024-07-12-Bamberg-Digital-15-691x1536.jpg 691w, https:\/\/smartcity.bamberg.de\/wp-content\/uploads\/2025\/10\/2024-07-12-Bamberg-Digital-15-921x2048.jpg 921w, https:\/\/smartcity.bamberg.de\/wp-content\/uploads\/2025\/10\/2024-07-12-Bamberg-Digital-15-scaled.jpg 1152w\" sizes=\"auto, (max-width: 461px) 100vw, 461px\" \/><figcaption class=\"wp-element-caption\">Neo Workshop im Stadt:Raum<\/figcaption><\/figure>\n\n\n\n<figure class=\"wp-block-image size-large\"><img loading=\"lazy\" decoding=\"async\" width=\"461\" height=\"1024\" data-id=\"6246\" src=\"https:\/\/smartcity.bamberg.de\/wp-content\/uploads\/2025\/10\/2024-07-12-Bamberg-Digital-12-461x1024.jpg\" alt=\"\" class=\"wp-image-6246\" srcset=\"https:\/\/smartcity.bamberg.de\/wp-content\/uploads\/2025\/10\/2024-07-12-Bamberg-Digital-12-461x1024.jpg 461w, https:\/\/smartcity.bamberg.de\/wp-content\/uploads\/2025\/10\/2024-07-12-Bamberg-Digital-12-135x300.jpg 135w, https:\/\/smartcity.bamberg.de\/wp-content\/uploads\/2025\/10\/2024-07-12-Bamberg-Digital-12-768x1707.jpg 768w, https:\/\/smartcity.bamberg.de\/wp-content\/uploads\/2025\/10\/2024-07-12-Bamberg-Digital-12-691x1536.jpg 691w, https:\/\/smartcity.bamberg.de\/wp-content\/uploads\/2025\/10\/2024-07-12-Bamberg-Digital-12-921x2048.jpg 921w, https:\/\/smartcity.bamberg.de\/wp-content\/uploads\/2025\/10\/2024-07-12-Bamberg-Digital-12-scaled.jpg 1152w\" sizes=\"auto, (max-width: 461px) 100vw, 461px\" \/><figcaption class=\"wp-element-caption\">noch mehr Smart City<\/figcaption><\/figure>\n<\/figure>\n\n\n\n<hr class=\"wp-block-separator has-alpha-channel-opacity\"\/>\n\n\n<section class=\"container-fluid bg-white px-0 pt-5 pt-md-5\">\n                    <div class=\"container px-3\">\n<p>Der Tag wurde durch einen Poetry Slam zum Thema Digitalisierung abgeschlossen. Open Air an der N\u00f6rdlichen Promenade konnten sich die Bamberger:innen von vier K\u00fcnstler:innen Texte anh\u00f6ren und bewerten &#8211; manche kritisch, manche lustig, manche nachdenklich. Auf jeden Fall ein toller Abschluss f\u00fcr einen bunten Tag!<\/p>\n<\/div>\n                <\/section>\n\n\n<figure class=\"wp-block-gallery has-nested-images columns-default is-cropped wp-block-gallery-4 is-layout-flex wp-block-gallery-is-layout-flex\">\n<figure class=\"wp-block-image size-large\"><img loading=\"lazy\" decoding=\"async\" width=\"461\" height=\"1024\" data-id=\"6258\" src=\"https:\/\/smartcity.bamberg.de\/wp-content\/uploads\/2025\/10\/2024-07-12-Bamberg-Digital-17-461x1024.jpg\" alt=\"\" class=\"wp-image-6258\" srcset=\"https:\/\/smartcity.bamberg.de\/wp-content\/uploads\/2025\/10\/2024-07-12-Bamberg-Digital-17-461x1024.jpg 461w, https:\/\/smartcity.bamberg.de\/wp-content\/uploads\/2025\/10\/2024-07-12-Bamberg-Digital-17-135x300.jpg 135w, https:\/\/smartcity.bamberg.de\/wp-content\/uploads\/2025\/10\/2024-07-12-Bamberg-Digital-17-768x1707.jpg 768w, https:\/\/smartcity.bamberg.de\/wp-content\/uploads\/2025\/10\/2024-07-12-Bamberg-Digital-17-691x1536.jpg 691w, https:\/\/smartcity.bamberg.de\/wp-content\/uploads\/2025\/10\/2024-07-12-Bamberg-Digital-17-921x2048.jpg 921w, https:\/\/smartcity.bamberg.de\/wp-content\/uploads\/2025\/10\/2024-07-12-Bamberg-Digital-17-scaled.jpg 1152w\" sizes=\"auto, (max-width: 461px) 100vw, 461px\" \/><figcaption class=\"wp-element-caption\">Willkommen durch Programmleiter Sascha G\u00f6tz<\/figcaption><\/figure>\n\n\n\n<figure class=\"wp-block-image size-large\"><img loading=\"lazy\" decoding=\"async\" width=\"461\" height=\"1024\" data-id=\"6261\" src=\"https:\/\/smartcity.bamberg.de\/wp-content\/uploads\/2025\/10\/2024-07-12-Bamberg-Digital-23-461x1024.jpg\" alt=\"\" class=\"wp-image-6261\" srcset=\"https:\/\/smartcity.bamberg.de\/wp-content\/uploads\/2025\/10\/2024-07-12-Bamberg-Digital-23-461x1024.jpg 461w, https:\/\/smartcity.bamberg.de\/wp-content\/uploads\/2025\/10\/2024-07-12-Bamberg-Digital-23-135x300.jpg 135w, https:\/\/smartcity.bamberg.de\/wp-content\/uploads\/2025\/10\/2024-07-12-Bamberg-Digital-23-768x1707.jpg 768w, https:\/\/smartcity.bamberg.de\/wp-content\/uploads\/2025\/10\/2024-07-12-Bamberg-Digital-23-691x1536.jpg 691w, https:\/\/smartcity.bamberg.de\/wp-content\/uploads\/2025\/10\/2024-07-12-Bamberg-Digital-23-921x2048.jpg 921w, https:\/\/smartcity.bamberg.de\/wp-content\/uploads\/2025\/10\/2024-07-12-Bamberg-Digital-23-scaled.jpg 1152w\" sizes=\"auto, (max-width: 461px) 100vw, 461px\" \/><figcaption class=\"wp-element-caption\">Poetry Slam<\/figcaption><\/figure>\n\n\n\n<figure class=\"wp-block-image size-large\"><img loading=\"lazy\" decoding=\"async\" width=\"462\" height=\"1024\" data-id=\"6255\" src=\"https:\/\/smartcity.bamberg.de\/wp-content\/uploads\/2025\/10\/2024-07-12-Bamberg-Digital-25-462x1024.jpg\" alt=\"\" class=\"wp-image-6255\" srcset=\"https:\/\/smartcity.bamberg.de\/wp-content\/uploads\/2025\/10\/2024-07-12-Bamberg-Digital-25-462x1024.jpg 462w, https:\/\/smartcity.bamberg.de\/wp-content\/uploads\/2025\/10\/2024-07-12-Bamberg-Digital-25-135x300.jpg 135w, https:\/\/smartcity.bamberg.de\/wp-content\/uploads\/2025\/10\/2024-07-12-Bamberg-Digital-25-768x1703.jpg 768w, https:\/\/smartcity.bamberg.de\/wp-content\/uploads\/2025\/10\/2024-07-12-Bamberg-Digital-25-693x1536.jpg 693w, https:\/\/smartcity.bamberg.de\/wp-content\/uploads\/2025\/10\/2024-07-12-Bamberg-Digital-25-924x2048.jpg 924w, https:\/\/smartcity.bamberg.de\/wp-content\/uploads\/2025\/10\/2024-07-12-Bamberg-Digital-25-scaled.jpg 1155w\" sizes=\"auto, (max-width: 462px) 100vw, 462px\" \/><figcaption class=\"wp-element-caption\">auf der N\u00f6rdlichen Promenade<\/figcaption><\/figure>\n<\/figure>\n\n\n\n<hr class=\"wp-block-separator has-alpha-channel-opacity\"\/>\n\n\n<section class=\"container-fluid bg-white px-0 pt-5 pt-md-5\">\n                    <div class=\"container px-3\">\n<p><strong><mark style=\"background-color:rgba(0, 0, 0, 0)\" class=\"has-inline-color has-vivid-cyan-blue-color\">Wir danken allen Partern und Teilnehmenden ganz herzlich f\u00fcr die Gestaltung dieses tollen Tages!<\/mark><\/strong><\/p>\n<\/div>\n                <\/section>","protected":false},"excerpt":{"rendered":"<p>R\u00fcckblick zu &#8220;Bamberg Digital&#8221; beim Sommer an der Promenade 2025<\/p>\n","protected":false},"author":4,"featured_media":6264,"comment_status":"open","ping_status":"open","sticky":false,"template":"","format":"standard","meta":{"_acf_changed":false,"footnotes":""},"categories":[150],"class_list":["post-6230","post","type-post","status-publish","format-standard","has-post-thumbnail","hentry","category-veranstaltungen"],"acf":[],"_links":{"self":[{"href":"https:\/\/smartcity.bamberg.de\/en\/wp-json\/wp\/v2\/posts\/6230","targetHints":{"allow":["GET"]}}],"collection":[{"href":"https:\/\/smartcity.bamberg.de\/en\/wp-json\/wp\/v2\/posts"}],"about":[{"href":"https:\/\/smartcity.bamberg.de\/en\/wp-json\/wp\/v2\/types\/post"}],"author":[{"embeddable":true,"href":"https:\/\/smartcity.bamberg.de\/en\/wp-json\/wp\/v2\/users\/4"}],"replies":[{"embeddable":true,"href":"https:\/\/smartcity.bamberg.de\/en\/wp-json\/wp\/v2\/comments?post=6230"}],"version-history":[{"count":2,"href":"https:\/\/smartcity.bamberg.de\/en\/wp-json\/wp\/v2\/posts\/6230\/revisions"}],"predecessor-version":[{"id":6843,"href":"https:\/\/smartcity.bamberg.de\/en\/wp-json\/wp\/v2\/posts\/6230\/revisions\/6843"}],"wp:featuredmedia":[{"embeddable":true,"href":"https:\/\/smartcity.bamberg.de\/en\/wp-json\/wp\/v2\/media\/6264"}],"wp:attachment":[{"href":"https:\/\/smartcity.bamberg.de\/en\/wp-json\/wp\/v2\/media?parent=6230"}],"wp:term":[{"taxonomy":"category","embeddable":true,"href":"https:\/\/smartcity.bamberg.de\/en\/wp-json\/wp\/v2\/categories?post=6230"}],"curies":[{"name":"wp","href":"https:\/\/api.w.org\/{rel}","templated":true}]}}