{"id":6691,"date":"2026-01-12T15:04:03","date_gmt":"2026-01-12T14:04:03","guid":{"rendered":"https:\/\/smartcity.bamberg.de\/?p=6691"},"modified":"2026-01-12T15:04:06","modified_gmt":"2026-01-12T14:04:06","slug":"erfolgreicher-kick-off-im-projekt-weggefaehrten","status":"publish","type":"post","link":"https:\/\/smartcity.bamberg.de\/en\/erfolgreicher-kick-off-im-projekt-weggefaehrten\/","title":{"rendered":"Erfolgreicher Kick-off im Projekt WegGef\u00e4hrten"},"content":{"rendered":"<section class=\"container-fluid bg-white px-0 pt-5 pt-md-5\">\n                    <div class=\"container px-3\">\n<p><strong>Im November hatten wir zuletzt ausf\u00fchrlicher die Hintergr\u00fcnde zum Projekt &#8220;WegGef\u00e4hrten&#8221; (Unterst\u00fctzung f\u00fcr Menschen mit Demenz) beschrieben (<a href=\"https:\/\/smartcity.bamberg.de\/bewegung-und-teilhabe-fuer-menschen-mit-demenz\/\">hier zum Nachlesen<\/a>). Nun wurde ein weiterer Meilenstein geschafft: <\/strong><\/p>\n<\/div>\n                <\/section>\n\n\n<hr class=\"wp-block-separator has-alpha-channel-opacity\"\/>\n\n\n<section class=\"container-fluid bg-white px-0 pt-5 pt-md-5\">\n                    <div class=\"container px-3\">\n<p>\ud83e\udd1d Das Projekt WegGef\u00e4hrten, das Smart City Bamberg gemeinsam mit der <a href=\"https:\/\/www.sozialstiftung-bamberg.de\/zentrum-fuer-senioren\/\">Sozialstiftung Bamberg<\/a> umsetzt, verspricht Teilhabe am \u00f6ffentlichen Leben bei gleichzeitig hoher Sicherheit f\u00fcr Menschen mit Demenz.<br><br>\ud83d\udca1 Dabei wird zum einen auf das freiwillige Tragen von Ortungstechnik gesetzt, zum anderen aber auch auf Ehrenamtliche, die bei der Suche nach orientierungslosen Menschen unterst\u00fctzen.<br><br>\ud83d\ude80 Letzte Woche fand der offizielle Kick-Off mit der Firma <a href=\"https:\/\/otiom.com\/de\/\">Otiom<\/a>, der Projektleitung Jutta Weigand und dem Projektmanager Jonas Behr statt. Wir sind gespannt, wie es weitergeht &#8211; fest steht aber: der Bedarf an diesem innovativen Projekt ist gro\u00df!<\/p>\n<\/div>\n                <\/section>\n\n<section class=\"container-fluid bg-white px-0 pt-5 pt-md-5\">\n                    <div class=\"container px-3\">\n<p><\/p>\n<\/div>\n                <\/section>","protected":false},"excerpt":{"rendered":"<p>Ab jetzt wird die Firma Otiom die Anwendung zur Unterst\u00fctzung f\u00fcr Menschen mit Demenz entwickeln.<\/p>\n","protected":false},"author":4,"featured_media":6692,"comment_status":"open","ping_status":"open","sticky":false,"template":"","format":"standard","meta":{"_acf_changed":false,"footnotes":""},"categories":[148],"class_list":["post-6691","post","type-post","status-publish","format-standard","has-post-thumbnail","hentry","category-unterstuetzung-fuer-menschen-mit-demenz"],"acf":[],"_links":{"self":[{"href":"https:\/\/smartcity.bamberg.de\/en\/wp-json\/wp\/v2\/posts\/6691","targetHints":{"allow":["GET"]}}],"collection":[{"href":"https:\/\/smartcity.bamberg.de\/en\/wp-json\/wp\/v2\/posts"}],"about":[{"href":"https:\/\/smartcity.bamberg.de\/en\/wp-json\/wp\/v2\/types\/post"}],"author":[{"embeddable":true,"href":"https:\/\/smartcity.bamberg.de\/en\/wp-json\/wp\/v2\/users\/4"}],"replies":[{"embeddable":true,"href":"https:\/\/smartcity.bamberg.de\/en\/wp-json\/wp\/v2\/comments?post=6691"}],"version-history":[{"count":1,"href":"https:\/\/smartcity.bamberg.de\/en\/wp-json\/wp\/v2\/posts\/6691\/revisions"}],"predecessor-version":[{"id":6695,"href":"https:\/\/smartcity.bamberg.de\/en\/wp-json\/wp\/v2\/posts\/6691\/revisions\/6695"}],"wp:featuredmedia":[{"embeddable":true,"href":"https:\/\/smartcity.bamberg.de\/en\/wp-json\/wp\/v2\/media\/6692"}],"wp:attachment":[{"href":"https:\/\/smartcity.bamberg.de\/en\/wp-json\/wp\/v2\/media?parent=6691"}],"wp:term":[{"taxonomy":"category","embeddable":true,"href":"https:\/\/smartcity.bamberg.de\/en\/wp-json\/wp\/v2\/categories?post=6691"}],"curies":[{"name":"wp","href":"https:\/\/api.w.org\/{rel}","templated":true}]}}