{"id":8003,"date":"2026-09-01T15:00:00","date_gmt":"2026-09-01T13:00:00","guid":{"rendered":"https:\/\/smartcity.bamberg.de\/?p=8003"},"modified":"2026-09-01T14:48:22","modified_gmt":"2026-09-01T12:48:22","slug":"neue-stammtisch-termine-stehen-fest","status":"publish","type":"post","link":"https:\/\/smartcity.bamberg.de\/en\/neue-stammtisch-termine-stehen-fest\/","title":{"rendered":"Neue Stammtisch-Termine stehen fest"},"content":{"rendered":"<section class=\"container-fluid bg-white px-0 pt-5 pt-md-5\">\n                    <div class=\"container px-3\">\n<p class=\"wp-block-paragraph\">Unser Stammtisch ist endlich wieder zur\u00fcck! Nach einer l\u00e4ngeren Pause starten wir mit unserem Smart-City-Stammtisch-Format in eine neue Runde. Ab jetzt wird es quartalsweise stattfinden. Das bedeutet, dass wir uns im Fr\u00fchling, Sommer, Herbst und Winter treffen, um gemeinsam einen freien Austausch \u00fcber Smart-City-Themen zu f\u00fchren und eure Fragen zu beantworten.<\/p>\n<\/div>\n                <\/section>\n\n<section class=\"container-fluid bg-white px-0 pt-5 pt-md-5\">\n                    <div class=\"container px-3\">\n<p class=\"wp-block-paragraph\"><\/p>\n<\/div>\n                <\/section>\n\n<section class=\"container-fluid bg-white px-0 pt-5 pt-md-5\">\n                    <div class=\"container px-3\">\n<p class=\"wp-block-paragraph\">Der n\u00e4chste Stammtisch findet im Herbst statt. Die genauen Termine sind:<\/p>\n<\/div>\n                <\/section>\n\n<section class=\"container-fluid bg-white px-0 pt-5 pt-md-5\">\n                    <div class=\"container px-3\">\n<p class=\"wp-block-paragraph\"><strong>23.09.06 | 12:30-14:00 Uhr \u2013 Herbst-Stammtisch bei Mahrs Br\u00e4u (Wunderburg 10)<\/strong><\/p>\n<\/div>\n                <\/section>\n\n<section class=\"container-fluid bg-white px-0 pt-5 pt-md-5\">\n                    <div class=\"container px-3\">\n<p class=\"wp-block-paragraph\"><strong>09.12.26 | 17:30-19:00 Uhr \u2013 Winter-Stammtisch auf dem Weihnachtsmarkt (H\u00fctte \u201eWeihnachtsb\u00e4ckerei\u201c)<\/strong><\/p>\n<\/div>\n                <\/section>\n\n<section class=\"container-fluid bg-white px-0 pt-5 pt-md-5\">\n                    <div class=\"container px-3\">\n<p class=\"wp-block-paragraph\"><strong>10.03.27 | 12:30-14:00 Uhr \u2013 Fr\u00fchlings-Stammtisch im Aposto (Geyersw\u00f6rthstra\u00dfe 5a)<\/strong><\/p>\n<\/div>\n                <\/section>\n\n<section class=\"container-fluid bg-white px-0 pt-5 pt-md-5\">\n                    <div class=\"container px-3\">\n<p class=\"wp-block-paragraph\"><\/p>\n<\/div>\n                <\/section>\n\n<section class=\"container-fluid bg-white px-0 pt-5 pt-md-5\">\n                    <div class=\"container px-3\">\n<p class=\"wp-block-paragraph\">Eine Anmeldung ist nicht n\u00f6tig \u2013 kommt einfach vorbei und tauscht euch mit uns aus! <\/p>\n<\/div>\n                <\/section>\n\n<section class=\"container-fluid bg-white px-0 pt-5 pt-md-5\">\n                    <div class=\"container px-3\">\n<p class=\"wp-block-paragraph\">Weitere Informationen zu all unseren Veranstaltungen findet ihr <a href=\"https:\/\/smartcity.bamberg.de\/veranstaltungen\/\">hier<\/a>. <\/p>\n<\/div>\n                <\/section>","protected":false},"excerpt":{"rendered":"<p>Freut euch auf unsere n\u00e4chsten Stammtische im Jahr!<\/p>\n","protected":false},"author":1016,"featured_media":8010,"comment_status":"open","ping_status":"open","sticky":false,"template":"","format":"standard","meta":{"_acf_changed":false,"footnotes":""},"categories":[150],"class_list":["post-8003","post","type-post","status-publish","format-standard","has-post-thumbnail","hentry","category-veranstaltungen"],"acf":[],"_links":{"self":[{"href":"https:\/\/smartcity.bamberg.de\/en\/wp-json\/wp\/v2\/posts\/8003","targetHints":{"allow":["GET"]}}],"collection":[{"href":"https:\/\/smartcity.bamberg.de\/en\/wp-json\/wp\/v2\/posts"}],"about":[{"href":"https:\/\/smartcity.bamberg.de\/en\/wp-json\/wp\/v2\/types\/post"}],"author":[{"embeddable":true,"href":"https:\/\/smartcity.bamberg.de\/en\/wp-json\/wp\/v2\/users\/1016"}],"replies":[{"embeddable":true,"href":"https:\/\/smartcity.bamberg.de\/en\/wp-json\/wp\/v2\/comments?post=8003"}],"version-history":[{"count":3,"href":"https:\/\/smartcity.bamberg.de\/en\/wp-json\/wp\/v2\/posts\/8003\/revisions"}],"predecessor-version":[{"id":8008,"href":"https:\/\/smartcity.bamberg.de\/en\/wp-json\/wp\/v2\/posts\/8003\/revisions\/8008"}],"wp:featuredmedia":[{"embeddable":true,"href":"https:\/\/smartcity.bamberg.de\/en\/wp-json\/wp\/v2\/media\/8010"}],"wp:attachment":[{"href":"https:\/\/smartcity.bamberg.de\/en\/wp-json\/wp\/v2\/media?parent=8003"}],"wp:term":[{"taxonomy":"category","embeddable":true,"href":"https:\/\/smartcity.bamberg.de\/en\/wp-json\/wp\/v2\/categories?post=8003"}],"curies":[{"name":"wp","href":"https:\/\/api.w.org\/{rel}","templated":true}]}}