{"id":8027,"date":"2026-09-01T16:42:16","date_gmt":"2026-09-01T14:42:16","guid":{"rendered":"https:\/\/smartcity.bamberg.de\/?p=8027"},"modified":"2026-09-02T15:09:37","modified_gmt":"2026-09-02T13:09:37","slug":"ein-digitaler-zwilling-fuer-bamberg","status":"publish","type":"post","link":"https:\/\/smartcity.bamberg.de\/en\/ein-digitaler-zwilling-fuer-bamberg\/","title":{"rendered":"Bambergs Zwilling am Tag des offenen Denkmals"},"content":{"rendered":"<section class=\"container-fluid bg-white px-0 pt-5 pt-md-5\">\n                    <div class=\"container px-3\">\n<p class=\"wp-block-paragraph\">Mit der bundesweiten Er\u00f6ffnung des Tags des offenen Denkmals\u00ae am 13. September 2026 f\u00e4llt in der UNESCO-Welterbestadt Bamberg der offizielle Startschuss f\u00fcr Deutschlands gr\u00f6\u00dftes Kulturevent. Gemeinsam mit der Deutschen Stiftung Denkmalschutz (DSD) l\u00e4dt die Stadt Bamberg dazu ein, Denkmale aus neuen Perspektiven kennenzulernen und au\u00dfergew\u00f6hnliche Einblicke in historische Geb\u00e4ude, laufende Restaurierungen und verborgene Orte zu erhalten. <\/p>\n<\/div>\n                <\/section>\n\n<section class=\"container-fluid bg-white px-0 pt-5 pt-md-5\">\n                    <div class=\"container px-3\">\n<p class=\"wp-block-paragraph\">Besucherinnen und Besucher erwartet ein vielf\u00e4ltiges Programm mit stadtweit \u00fcber 60 ge\u00f6ffneten Denkmalen, Touren und Aktionen. Zentraler Veranstaltungsort ist der Maxplatz, wo um 11 Uhr der Tag offiziell er\u00f6ffnet wird. &#8211; Und auch wir sind mit dabei!<\/p>\n<\/div>\n                <\/section>\n\n\n\n\n<section \n    class=\"section container-fluid py-5 bg-white text-black text-image-half \" \n    id=\"\"\n    role=\"region\"\n    aria-label=\"Text und Bild Abschnitt\"\n>\n    <div class=\"container py-5\">\n        <div class=\"row py-5\">\n            \n            <!-- Textspalte -->\n            <div \n                class=\"col-12 col-md-5 pb-5 pb-md-0 d-flex flex-column justify-content-between paragraphs-wrap\"\n                role=\"group\"\n                aria-label=\"Textinhalte\"\n            >\n                                                            <div class=\"pb-3 pb-md-5\" role=\"article\" aria-label=\"Spannende Infos zum Digitalen Zwilling\">\n                                                            <h2 class=\"h5 pb-3\" aria-label=\"Spannende Infos zum Digitalen Zwilling\">\n                                    Spannende Infos zum Digitalen Zwilling                                <\/h2>\n                            \n                                                            <p aria-label=\"Von 10 bis 17 Uhr stehen wir am Stand mit der Nummer 16 bereit, von der Hauptwachstra\u00dfe\/Fu\u00dfg\u00e4ngerzone aus kommend der dritte Stand rechts.\nKommt vorbei und erfahrt mehr dar\u00fcber,\n\nwas ein digitaler Zwilling ist und wie er entsteht\nseit wann in Bamberg daran gearbeitet wird und was Google dazu zu sagen hat\nwarum er in Bamberg so intensiv und so detailliert vorangetrieben wird\nwof\u00fcr er alles eingesetzt werden kann und was die Menschen in Bamberg davon haben\n\n&nbsp;\nAu\u00dferdem k\u00f6nnt ihr an einem interaktiven Bildschirm den &#8220;Showcase Karolinenstra\u00dfe&#8221; erkunden, der einen Einblick in den digitalen Zwilling von morgen gew\u00e4hrt.\">\n                                    <p><strong>Von 10 bis 17 Uhr stehen wir am Stand mit der Nummer 16<\/strong> <strong>bereit<\/strong>, von der Hauptwachstra\u00dfe\/Fu\u00dfg\u00e4ngerzone aus kommend der dritte Stand rechts.<\/p>\n<p>Kommt vorbei und erfahrt mehr dar\u00fcber,<\/p>\n<ul>\n<li>was ein digitaler Zwilling ist und wie er entsteht<\/li>\n<li>seit wann in Bamberg daran gearbeitet wird und was Google dazu zu sagen hat<\/li>\n<li>warum er in Bamberg so intensiv und so detailliert vorangetrieben wird<\/li>\n<li>wof\u00fcr er alles eingesetzt werden kann und was die Menschen in Bamberg davon haben<\/li>\n<\/ul>\n<p>&nbsp;<\/p>\n<p>Au\u00dferdem k\u00f6nnt ihr an einem interaktiven Bildschirm den &#8220;Showcase Karolinenstra\u00dfe&#8221; erkunden, der einen Einblick in den digitalen Zwilling von morgen gew\u00e4hrt.<\/p>                                <\/p>\n                                                    <\/div>\n                                                <\/div>\n\n            <!-- Bildspalte -->\n            <div \n                class=\"col-12 col-md-7 d-flex flex-column align-items-center align-items-md-end\"\n                role=\"group\"\n                aria-label=\"Bildbereich\"\n            >\n                                    <img decoding=\"async\" \n                        src=\"https:\/\/smartcity.bamberg.de\/wp-content\/uploads\/2026\/09\/Lageplan-Maxplatz-1.jpg\" \n                        alt=\"Veranschaulichendes Bild zum Textabschnitt\" \n                        class=\"img-fluid rounded\"\n                    >\n                \n                            <\/div>\n        <\/div>\n    <\/div>\n<\/section>\n\n\n<section class=\"container-fluid bg-white px-0 pt-5 pt-md-5\">\n                    <div class=\"container px-3\">\n<p class=\"wp-block-paragraph\"><strong>Kommt vorbei &#8211; wir freuen uns auf eure Fragen!<\/strong><\/p>\n<\/div>\n                <\/section>\n\n\n\n\n<section \n    class=\"container-fluid bg-white py-md-5\"\n    role=\"region\"\n    aria-label=\"\u00dcbersicht verlinkter Boxen\"\n>\n    <div class=\"container\">\n\t\t\n       <div \n            class=\"row justify-content-center px-3 py-5 d-flex flex-row\" \n            style=\"gap: calc(var(--bs-gutter-x)* 1.9) !important\"\n            role=\"list\"\n            aria-label=\"Liste verlinkter Informationsboxen\"\n        >\n                    <a \n                href=\"https:\/\/smartcity.bamberg.de\/veranstaltungen\/\" \n                class=\"col link-box rounded p-4 text-decoration-none\"\n                role=\"listitem\"\n                aria-label=\"Linkbox: Mehr zu unseren Veranstaltungen \u2013 gibt es hier\"\n            >\n                <h6 class=\"text-white text-uppercase h5\" aria-label=\"Mehr zu unseren Veranstaltungen\">\n                    Mehr zu unseren Veranstaltungen                <\/h6>\n                <p class=\"text-white\" aria-label=\"gibt es hier\">\n                    gibt es hier                <\/p>\n            <\/a>\n               <\/div>\n    <\/div>\n<\/section>\n","protected":false},"excerpt":{"rendered":"<p>Kommt an unseren Stand auf dem Markt der M\u00f6glichkeiten &#8211; es warten spannende Infos auf euch!<\/p>\n","protected":false},"author":4,"featured_media":8039,"comment_status":"open","ping_status":"open","sticky":false,"template":"","format":"standard","meta":{"_acf_changed":false,"footnotes":""},"categories":[134,150],"class_list":["post-8027","post","type-post","status-publish","format-standard","has-post-thumbnail","hentry","category-digitaler-zwilling","category-veranstaltungen"],"acf":[],"_links":{"self":[{"href":"https:\/\/smartcity.bamberg.de\/en\/wp-json\/wp\/v2\/posts\/8027","targetHints":{"allow":["GET"]}}],"collection":[{"href":"https:\/\/smartcity.bamberg.de\/en\/wp-json\/wp\/v2\/posts"}],"about":[{"href":"https:\/\/smartcity.bamberg.de\/en\/wp-json\/wp\/v2\/types\/post"}],"author":[{"embeddable":true,"href":"https:\/\/smartcity.bamberg.de\/en\/wp-json\/wp\/v2\/users\/4"}],"replies":[{"embeddable":true,"href":"https:\/\/smartcity.bamberg.de\/en\/wp-json\/wp\/v2\/comments?post=8027"}],"version-history":[{"count":10,"href":"https:\/\/smartcity.bamberg.de\/en\/wp-json\/wp\/v2\/posts\/8027\/revisions"}],"predecessor-version":[{"id":8044,"href":"https:\/\/smartcity.bamberg.de\/en\/wp-json\/wp\/v2\/posts\/8027\/revisions\/8044"}],"wp:featuredmedia":[{"embeddable":true,"href":"https:\/\/smartcity.bamberg.de\/en\/wp-json\/wp\/v2\/media\/8039"}],"wp:attachment":[{"href":"https:\/\/smartcity.bamberg.de\/en\/wp-json\/wp\/v2\/media?parent=8027"}],"wp:term":[{"taxonomy":"category","embeddable":true,"href":"https:\/\/smartcity.bamberg.de\/en\/wp-json\/wp\/v2\/categories?post=8027"}],"curies":[{"name":"wp","href":"https:\/\/api.w.org\/{rel}","templated":true}]}}