{"id":5292,"date":"2021-05-12T11:24:00","date_gmt":"2021-05-12T09:24:00","guid":{"rendered":"https:\/\/smartcity.bamberg.de\/neuigkeiten\/bamberg-gestalten-und-intrakommuna\/"},"modified":"2026-01-29T16:18:43","modified_gmt":"2026-01-29T15:18:43","slug":"bamberg-gestalten-und-intrakommuna","status":"publish","type":"post","link":"https:\/\/smartcity.bamberg.de\/les\/bamberg-gestalten-und-intrakommuna\/","title":{"rendered":"Bamberg-gestalten und Intrakommuna"},"content":{"rendered":"<section class=\"container-fluid bg-white px-0 pt-5 pt-md-5\">\n                    <div class=\"container px-3\">\n<p>F\u00fcr die digitale Beteiligung der \u00d6ffentlichkeit werden zwei Plattformen bereitgestellt: <\/p>\n<\/div>\n                <\/section>\n\n<section class=\"container-fluid bg-white px-0 pt-5 pt-md-5\">\n                    <div class=\"container px-3\">\n<p>Auf <a href=\"https:\/\/emea01.safelinks.protection.outlook.com\/?url=http%3A%2F%2Fwww.bamberg-gestalten.de%2F&amp;data=04%7C01%7C%7Cd9fd17fe01eb4890881808d91088b984%7C84df9e7fe9f640afb435aaaaaaaaaaaa%7C1%7C0%7C637559001675735392%7CUnknown%7CTWFpbGZsb3d8eyJWIjoiMC4wLjAwMDAiLCJQIjoiV2luMzIiLCJBTiI6Ik1haWwiLCJXVCI6Mn0%3D%7C1000&amp;sdata=2bgKr82NG6b77pPYBqqHrln6hFvjR0HQkNFkTCkrKpo%3D&amp;reserved=0\">www.bamberg-gestalten.de<\/a> wird Transparenz \u00fcber alle laufenden Projekte und dann auch \u00fcber alle Teil-Ergebnisse &nbsp;der Strategieentwicklung hergestellt. Das hei\u00dft Kommunikation von der Stadt \/ dem Programm Smart City zu den B\u00fcrger:innen hin, die kommentieren und nachfragen k\u00f6nnen. Und auch nicht nur zu Smart City, sondern auch zum Verkehrsentwicklungsplan und bald auch zu anderen Themen, die dort gestartet werden.<\/p>\n<\/div>\n                <\/section>\n\n\n<!--more-->\n\n\n<section class=\"container-fluid bg-white px-0 pt-5 pt-md-5\">\n                    <div class=\"container px-3\">\n<p><a href=\"https:\/\/www.intrakommuna.de\/\">Intrakommuna<\/a> ist ein anderes System, das bei Smart City schon bei der Antragsentwicklung zum Einsatz kam und eine sehr gute M\u00f6glichkeit zu eigenen Initiativen bietet. Auf Intrakommuna werden B\u00fcrger:innen selbst aktiv, k\u00f6nnen eigene Themen setzen, Ideen entwickeln, Ideen anderer unterst\u00fctzen, in Gruppen weiter entwickeln und Initiativen selbst starten und sich vernetzen. Abrufbar ist das Netzwerk hier (die Nutzung erfordert eine zus\u00e4tzliche Registrierung): <a rel=\"noreferrer noopener\" href=\"https:\/\/bamberg-buerger.intrakommuna.net\" target=\"_blank\">https:\/\/bamberg-buerger.intrakommuna.net<\/a>. <\/p>\n<\/div>\n                <\/section>\n\n<section class=\"container-fluid bg-white px-0 pt-5 pt-md-5\">\n                    <div class=\"container px-3\">\n<p>Die \u201eLanding-Page\u201c von Smart City unter <a href=\"https:\/\/emea01.safelinks.protection.outlook.com\/?url=https%3A\/\/smartcity.bamberg.de%2F&amp;data=04%7C01%7C%7Cd9fd17fe01eb4890881808d91088b984%7C84df9e7fe9f640afb435aaaaaaaaaaaa%7C1%7C0%7C637559001675745348%7CUnknown%7CTWFpbGZsb3d8eyJWIjoiMC4wLjAwMDAiLCJQIjoiV2luMzIiLCJBTiI6Ik1haWwiLCJXVCI6Mn0%3D%7C1000&amp;sdata=YnGdT%2BnCMl5jI80ERLN%2Fvgfyqrc3kAZ0XN5bEf9advI%3D&amp;reserved=0\">www.smartcity.bamberg.de<\/a> ist die zentrale Repr\u00e4sentanz des Programms mit Kontaktm\u00f6glichkeit und aktuellen Informationen zu Veranstaltungen, Videos etc. Hier werden auch News-Feeds von Intrakommuna und Bamberg-gestalten eingebunden.<\/p>\n<\/div>\n                <\/section>","protected":false},"excerpt":{"rendered":"<p>Zwei Plattformen &#8211; zwei M\u00f6glichkeiten zur Beteiligung!<\/p>\n","protected":false},"author":1,"featured_media":0,"comment_status":"open","ping_status":"open","sticky":false,"template":"","format":"standard","meta":{"_acf_changed":false,"footnotes":""},"categories":[169,121],"class_list":["post-5292","post","type-post","status-publish","format-standard","hentry","category-beteiligung","category-programm-smart-city-2"],"acf":[],"_links":{"self":[{"href":"https:\/\/smartcity.bamberg.de\/les\/wp-json\/wp\/v2\/posts\/5292","targetHints":{"allow":["GET"]}}],"collection":[{"href":"https:\/\/smartcity.bamberg.de\/les\/wp-json\/wp\/v2\/posts"}],"about":[{"href":"https:\/\/smartcity.bamberg.de\/les\/wp-json\/wp\/v2\/types\/post"}],"author":[{"embeddable":true,"href":"https:\/\/smartcity.bamberg.de\/les\/wp-json\/wp\/v2\/users\/1"}],"replies":[{"embeddable":true,"href":"https:\/\/smartcity.bamberg.de\/les\/wp-json\/wp\/v2\/comments?post=5292"}],"version-history":[{"count":3,"href":"https:\/\/smartcity.bamberg.de\/les\/wp-json\/wp\/v2\/posts\/5292\/revisions"}],"predecessor-version":[{"id":6916,"href":"https:\/\/smartcity.bamberg.de\/les\/wp-json\/wp\/v2\/posts\/5292\/revisions\/6916"}],"wp:attachment":[{"href":"https:\/\/smartcity.bamberg.de\/les\/wp-json\/wp\/v2\/media?parent=5292"}],"wp:term":[{"taxonomy":"category","embeddable":true,"href":"https:\/\/smartcity.bamberg.de\/les\/wp-json\/wp\/v2\/categories?post=5292"}],"curies":[{"name":"wp","href":"https:\/\/api.w.org\/{rel}","templated":true}]}}