{"id":5314,"date":"2021-05-20T07:44:53","date_gmt":"2021-05-20T05:44:53","guid":{"rendered":"https:\/\/smartcity.bamberg.de\/neuigkeiten\/tueren-auf-heute-abend\/"},"modified":"2026-01-29T16:09:28","modified_gmt":"2026-01-29T15:09:28","slug":"tueren-auf-heute-abend","status":"publish","type":"post","link":"https:\/\/smartcity.bamberg.de\/les\/tueren-auf-heute-abend\/","title":{"rendered":"T\u00fcren auf &#8211; heute Abend!"},"content":{"rendered":"<section class=\"container-fluid bg-white px-0 pt-5 pt-md-5\">\n                    <div class=\"container px-3\">\n<p>Liebe Smart City-Interessierte,<br><br>heute um 18 Uhr geht es los. Die Kabarettistin Heidi Friedrich wird uns durch 90 kurzweilige Minuten f\u00fchren mit vielen Informationen, Gespr\u00e4chen und drei kurzen Filmen mit B\u00fcrgerstatements.<br><br>Dies ist der Link zum Live-Stream:<br><br><strong><a href=\"https:\/\/youtu.be\/095yKmuLjjM\">https:\/\/youtu.be\/095yKmuLjjM<\/a><\/strong><br><\/p>\n<\/div>\n                <\/section>\n\n\n<!--more-->\n\n\n<section class=\"container-fluid bg-white px-0 pt-5 pt-md-5\">\n                    <div class=\"container px-3\">\n<p>W\u00e4hrend der \u00dcbertragung k\u00f6nnen Sie im YouTube Chat (mit Anmeldung) oder einfach \u00fcber unsere Webseite<\/p>\n<\/div>\n                <\/section>\n\n<section class=\"container-fluid bg-white px-0 pt-5 pt-md-5\">\n                    <div class=\"container px-3\">\n<p><strong><a href=\"https:\/\/smartcity.bamberg.de\/Diskussion\">https:\/\/smartcity.bamberg.de\/Diskussion<\/a>\/<\/strong> (ohne Anmeldung)<\/p>\n<\/div>\n                <\/section>\n\n<section class=\"container-fluid bg-white px-0 pt-5 pt-md-5\">\n                    <div class=\"container px-3\">\n<p>Fragen stellen, die wir direkt in der Sendung oder ab 19:30 Uhr in einer Video-Konferenz mit den Expert:innen des Programms beantwortet werden.<\/p>\n<\/div>\n                <\/section>\n\n<section class=\"container-fluid bg-white px-0 pt-5 pt-md-5\">\n                    <div class=\"container px-3\">\n<p>Wir freuen uns auf Ihre Teilnahme und Ihre Beitr\u00e4ge zum Programm!<\/p>\n<\/div>\n                <\/section>\n\n<section class=\"container-fluid bg-white px-0 pt-5 pt-md-5\">\n                    <div class=\"container px-3\">\n<p>Herzlich<\/p>\n<\/div>\n                <\/section>\n\n<section class=\"container-fluid bg-white px-0 pt-5 pt-md-5\">\n                    <div class=\"container px-3\">\n<p>Ihr Team Smart City<\/p>\n<\/div>\n                <\/section>\n\n<section class=\"container-fluid bg-white px-0 pt-5 pt-md-5\">\n                    <div class=\"container px-3\">\n<p><a href=\"mailto:smartcity@stadt.bamberg.de\">smartcity@stadt.bamberg.de<\/a><\/p>\n<\/div>\n                <\/section>","protected":false},"excerpt":{"rendered":"<p>Online Auftaktveranstaltung zu SCB heute ab 19:30 Uhr<\/p>\n","protected":false},"author":1,"featured_media":1009,"comment_status":"open","ping_status":"open","sticky":false,"template":"","format":"standard","meta":{"_acf_changed":false,"footnotes":""},"categories":[121,150],"class_list":["post-5314","post","type-post","status-publish","format-standard","has-post-thumbnail","hentry","category-programm-smart-city-2","category-veranstaltungen"],"acf":[],"_links":{"self":[{"href":"https:\/\/smartcity.bamberg.de\/les\/wp-json\/wp\/v2\/posts\/5314","targetHints":{"allow":["GET"]}}],"collection":[{"href":"https:\/\/smartcity.bamberg.de\/les\/wp-json\/wp\/v2\/posts"}],"about":[{"href":"https:\/\/smartcity.bamberg.de\/les\/wp-json\/wp\/v2\/types\/post"}],"author":[{"embeddable":true,"href":"https:\/\/smartcity.bamberg.de\/les\/wp-json\/wp\/v2\/users\/1"}],"replies":[{"embeddable":true,"href":"https:\/\/smartcity.bamberg.de\/les\/wp-json\/wp\/v2\/comments?post=5314"}],"version-history":[{"count":3,"href":"https:\/\/smartcity.bamberg.de\/les\/wp-json\/wp\/v2\/posts\/5314\/revisions"}],"predecessor-version":[{"id":6906,"href":"https:\/\/smartcity.bamberg.de\/les\/wp-json\/wp\/v2\/posts\/5314\/revisions\/6906"}],"wp:featuredmedia":[{"embeddable":true,"href":"https:\/\/smartcity.bamberg.de\/les\/wp-json\/wp\/v2\/media\/1009"}],"wp:attachment":[{"href":"https:\/\/smartcity.bamberg.de\/les\/wp-json\/wp\/v2\/media?parent=5314"}],"wp:term":[{"taxonomy":"category","embeddable":true,"href":"https:\/\/smartcity.bamberg.de\/les\/wp-json\/wp\/v2\/categories?post=5314"}],"curies":[{"name":"wp","href":"https:\/\/api.w.org\/{rel}","templated":true}]}}