{"id":5331,"date":"2021-07-05T14:21:15","date_gmt":"2021-07-05T12:21:15","guid":{"rendered":"https:\/\/smartcity.bamberg.de\/neuigkeiten\/fokusgruppen-starten-als-neues-format-der-buergerinnenbeteiligung\/"},"modified":"2026-01-29T08:27:21","modified_gmt":"2026-01-29T07:27:21","slug":"fokusgruppen-starten-als-neues-format-der-buergerinnenbeteiligung","status":"publish","type":"post","link":"https:\/\/smartcity.bamberg.de\/les\/fokusgruppen-starten-als-neues-format-der-buergerinnenbeteiligung\/","title":{"rendered":"&#8220;Fokusgruppen&#8221; starten als neues Format der B\u00fcrger:innenbeteiligung"},"content":{"rendered":"<section class=\"container-fluid bg-white px-0 pt-5 pt-md-5\">\n                    <div class=\"container px-3\">\n<p>Die Beteiligung der B\u00fcrger:innen an der Strategieentwicklung f\u00fcr das Programm Smart City ist angelaufen. Nach der Auftaktveranstaltung am 20.05. (die man sich <a href=\"https:\/\/www.youtube.com\/watch?v=095yKmuLjjM\">hier<\/a> nochmal anschauen kann) ging es los!<\/p>\n<\/div>\n                <\/section>\n\n<section class=\"container-fluid bg-white px-0 pt-5 pt-md-5\">\n                    <div class=\"container px-3\">\n<p>Auf der Plattform <a href=\"http:\/\/www.bamberg-gestalten.de\">www.bamberg-gestalten.de<\/a> sind alle Projekte und Vorhaben beschrieben, die schon fest vorgesehen sind oder bereits begonnen haben. Auf <a href=\"https:\/\/bamberg-buerger.intrakommuna.net\">https:\/\/bamberg-buerger.intrakommuna.net<\/a> k\u00f6nnen die B\u00fcrger:innen selbst ihre Ideen einbringen, sich zu Initiativgruppen vernetzen und sich gegenseitig bei der Weiterentwicklung von ersten Ans\u00e4tzen hin zu einem umsetzbaren Projekt unterst\u00fctzen.<\/p>\n<\/div>\n                <\/section>\n\n<section class=\"container-fluid bg-white px-0 pt-5 pt-md-5\">\n                    <div class=\"container px-3\">\n<p>Aber erreicht die digitale Beteiligung auch wirklich alle? Sicher nicht! Deshalb schw\u00e4rmen seit einigen Wochen 14 (bald werden es 24 sein*) Multiplikator:innen in der Stadt aus, suchen das Gespr\u00e4ch mit den Menschen und erfragen W\u00fcnsche, Ideen, Probleme und Ansichten zum Thema Digitalisierung und Stadtentwicklung. <\/p>\n<\/div>\n                <\/section>\n\n\n<!--more-->\n\n\n<section class=\"container-fluid bg-white px-0 pt-5 pt-md-5\">\n                    <div class=\"container px-3\">\n<p>Um aber einen wirklich repr\u00e4sentativen Querschnitt der Bamberger:innen zu erreichen, geht das Team Smart City noch ein St\u00fcck weiter. Am 05.07. wurden 36 zuf\u00e4llig aus dem Einwohnerverzeichnis ausgew\u00e4hlte Bamberger:innen angeschrieben und zum pers\u00f6nlichen Austausch in 12er Gruppen eingeladen. Zum Auftakt haben Oberb\u00fcrgermeister Starke und B\u00fcrgermeister Gl\u00fcsenkamp jede:n Einzelne:n pers\u00f6nlich angeschrieben. Bei insgesamt vier Treffen kann dann jede:r aus der eigenen Sicht Vorschl\u00e4ge machen, Kritik anbringen oder eine ganz eigene Vision von einem lebenswerten Bamberg entwickeln, in dem die Digitalisierung den Menschen dient \u2013 und nicht umgekehrt!<\/p>\n<\/div>\n                <\/section>\n\n<section class=\"container-fluid bg-white px-0 pt-5 pt-md-5\">\n                    <div class=\"container px-3\">\n<p>\u00dcber die Ergebnisse der Gespr\u00e4che mit den B\u00fcrger:innen wird im Herbst auf <a href=\"https:\/\/smartcity.bamberg.de\">www.smartcity.bamberg.de<\/a> berichtet.<\/p>\n<\/div>\n                <\/section>\n\n<section class=\"container-fluid bg-white px-0 pt-5 pt-md-5\">\n                    <div class=\"container px-3\">\n<p>*Wer Interesse hat, selbst als Multiplikator:in mit den Menschen ins Gespr\u00e4ch zu kommen, kann sich hier jetzt noch <a href=\"https:\/\/www.umfrage.bamberg.de\/lime\/index.php\/781151?lang=de\">hier<\/a> f\u00fcr die Mitarbeit bewerben.<\/p>\n<\/div>\n                <\/section>","protected":false},"excerpt":{"rendered":"<p>Bei vier Treffen k\u00f6nnen zuf\u00e4llig ausgew\u00e4hlte Menschen aus Bamberg mitreden<\/p>\n","protected":false},"author":1,"featured_media":1046,"comment_status":"open","ping_status":"open","sticky":false,"template":"","format":"standard","meta":{"_acf_changed":false,"footnotes":""},"categories":[169,121],"class_list":["post-5331","post","type-post","status-publish","format-standard","has-post-thumbnail","hentry","category-beteiligung","category-programm-smart-city-2"],"acf":[],"_links":{"self":[{"href":"https:\/\/smartcity.bamberg.de\/les\/wp-json\/wp\/v2\/posts\/5331","targetHints":{"allow":["GET"]}}],"collection":[{"href":"https:\/\/smartcity.bamberg.de\/les\/wp-json\/wp\/v2\/posts"}],"about":[{"href":"https:\/\/smartcity.bamberg.de\/les\/wp-json\/wp\/v2\/types\/post"}],"author":[{"embeddable":true,"href":"https:\/\/smartcity.bamberg.de\/les\/wp-json\/wp\/v2\/users\/1"}],"replies":[{"embeddable":true,"href":"https:\/\/smartcity.bamberg.de\/les\/wp-json\/wp\/v2\/comments?post=5331"}],"version-history":[{"count":3,"href":"https:\/\/smartcity.bamberg.de\/les\/wp-json\/wp\/v2\/posts\/5331\/revisions"}],"predecessor-version":[{"id":6900,"href":"https:\/\/smartcity.bamberg.de\/les\/wp-json\/wp\/v2\/posts\/5331\/revisions\/6900"}],"wp:featuredmedia":[{"embeddable":true,"href":"https:\/\/smartcity.bamberg.de\/les\/wp-json\/wp\/v2\/media\/1046"}],"wp:attachment":[{"href":"https:\/\/smartcity.bamberg.de\/les\/wp-json\/wp\/v2\/media?parent=5331"}],"wp:term":[{"taxonomy":"category","embeddable":true,"href":"https:\/\/smartcity.bamberg.de\/les\/wp-json\/wp\/v2\/categories?post=5331"}],"curies":[{"name":"wp","href":"https:\/\/api.w.org\/{rel}","templated":true}]}}