{"id":5341,"date":"2021-07-19T09:45:52","date_gmt":"2021-07-19T07:45:52","guid":{"rendered":"https:\/\/smartcity.bamberg.de\/neuigkeiten\/stadt-bamberg-erhaelt-450-000-e-im-rahmen-des-programms-kommunal-digital\/"},"modified":"2026-01-29T08:25:04","modified_gmt":"2026-01-29T07:25:04","slug":"stadt-bamberg-erhaelt-450-000-e-im-rahmen-des-programms-kommunal-digital","status":"publish","type":"post","link":"https:\/\/smartcity.bamberg.de\/les\/stadt-bamberg-erhaelt-450-000-e-im-rahmen-des-programms-kommunal-digital\/","title":{"rendered":"Stadt Bamberg erh\u00e4lt 450.000 \u20ac im Rahmen des Programms \u201eKommunal? Digital!\u201c"},"content":{"rendered":"<section class=\"container-fluid bg-white px-0 pt-5 pt-md-5\">\n                    <div class=\"container px-3\">\n<p>Erneut erh\u00e4lt unsere Smart City Bamberg eine bedeutsame F\u00f6rderung f\u00fcr ein digitales Projekt. F\u00fcr das Projekt \u201eDrohnenbefliegung von Baumkronen\u201c \u00fcberreichte &nbsp;Staatsministerin Judith Gerlach dem Smart City Programmleiter Sascha G\u00f6tz den F\u00f6rderbescheid. Das Bayerische Digitalministerium pr\u00e4mierte mit dem Wettbewerb \u201eKommunal? Digital!\u201c an diesem Tag die 10 besten digitalen L\u00f6sungen smarter Kommunen aus Bayern mit einer Gesamtsumme von 5 Millionen Euro. Die Projektideen sollen dabei einen technologischen Ansatz haben, auch auf andere Kommunen anwendbar sein sowie einen sparsamen Umgang mit wertvollen Ressourcen erm\u00f6glichen.<\/p>\n<\/div>\n                <\/section>\n\n<section class=\"container-fluid bg-white px-0 pt-5 pt-md-5\">\n                    <div class=\"container px-3\">\n<p>Das Bamberger Projekt trifft diesen Kerngedanken genau und wurde deshalb bei einem Gesamtbudget von 500.000\u20ac mit der H\u00f6chstsumme an F\u00f6rderung dotiert.<\/p>\n<\/div>\n                <\/section>\n\n\n<!--more-->\n\n\n\n<figure class=\"wp-block-image size-large\"><img decoding=\"async\" src=\"https:\/\/smartcity.bamberg.de\/wp-content\/uploads\/2021\/07\/Kommunal_-Digital-34-von-107-1024x683.jpg\" alt=\"\u00dcbergabe des F\u00f6rderbescheids\" class=\"wp-image-361\"\/><figcaption>Staatsministerin Judith Gerlach \u00fcberreicht dem Programmleiter Sascha G\u00f6tz von Smart City Bamberg den F\u00f6rderbescheid. Bild: StMD Tobias Blaser<\/figcaption><\/figure>\n\n\n<section class=\"container-fluid bg-white px-0 pt-5 pt-md-5\">\n                    <div class=\"container px-3\">\n<p>Die Idee ist, mit Hilfe von Drohnen den kommunalen Baumbestand zu befliegen, eine Aufnahme des Ist-Zustandes zu erstellen und zuk\u00fcnftige Auswirkungen \u00f6kologischer Ereignisse mithilfe k\u00fcnstlicher Intelligenz zu prognostizieren. Dies kommt zum einen den lokalen W\u00e4ldern und dem st\u00e4dtischen Forstbetrieb zugute, zum anderen l\u00e4sst sich mittels der Daten eine nachhaltige Pflege der B\u00e4ume im Stadtgebiet unterst\u00fctzen.<\/p>\n<\/div>\n                <\/section>\n\n<section class=\"container-fluid bg-white px-0 pt-5 pt-md-5\">\n                    <div class=\"container px-3\">\n<p>In Zusammenarbeit mit dem interdisziplin\u00e4ren Smart City Research Lab der Otto-Friedrich-Universit\u00e4t Bamberg sollen nach der Datensammlung durch Einsatz k\u00fcnstlicher Intelligenz praxisnah aktuelle Informationen f\u00fcr die Mitarbeiter in Stadt und Forst bereitgestellt werden. Die Software soll Schadensvorhersagen treffen und Auswirkungen des Klimawandels absch\u00e4tzen k\u00f6nnen. Zudem lassen sich somit k\u00fcnftig Krankheiten der B\u00e4ume besser prognostizieren sowie der Einsatz des knappen Personals gezielter planen.<\/p>\n<\/div>\n                <\/section>\n\n<section class=\"container-fluid bg-white px-0 pt-5 pt-md-5\">\n                    <div class=\"container px-3\">\n<p>Das Projekt soll nicht nur in Bamberg, sondern auch in vielen anderen Kommunen in Bayern Nutzen stiften. Deshalb wird es als Open Source-L\u00f6sung konzipiert und bereits in der dreij\u00e4hrigen Projektlaufzeit sollen weitere Kommunen in die Datensammlung und \u2013nutzung mit einbezogen werden.<\/p>\n<\/div>\n                <\/section>\n\n<section class=\"container-fluid bg-white px-0 pt-5 pt-md-5\">\n                    <div class=\"container px-3\">\n<p>Wieder ein Projekt, dass die Nachhaltigkeit in Bamberg mit digitalen Mitteln unterst\u00fctzt. Und das war und ist nur m\u00f6glich, weil wir mit verschiedenen&nbsp;\u00c4mtern der Stadt (Forst, Gartenamt, Stadtplanungsamt), mit der Uni und mit Fachfirmen zusammenarbeiten und neue L\u00f6sungen entwickeln. Wir freuen uns auf die Umsetzung!<\/p>\n<\/div>\n                <\/section>\n\n\n<figure class=\"wp-block-image size-large\"><img decoding=\"async\" src=\"https:\/\/smartcity.bamberg.de\/wp-content\/uploads\/2021\/07\/21-146_Siegel-Preistraeger-1024x717.png\" alt=\"\" class=\"wp-image-362\"\/><\/figure>\n","protected":false},"excerpt":{"rendered":"<p>Weitere F\u00f6rdergelder f\u00fcr das Drohnenprojekt BaKIM<\/p>\n","protected":false},"author":1,"featured_media":1058,"comment_status":"open","ping_status":"open","sticky":false,"template":"","format":"standard","meta":{"_acf_changed":false,"footnotes":""},"categories":[130],"class_list":["post-5341","post","type-post","status-publish","format-standard","has-post-thumbnail","hentry","category-bakim"],"acf":[],"_links":{"self":[{"href":"https:\/\/smartcity.bamberg.de\/les\/wp-json\/wp\/v2\/posts\/5341","targetHints":{"allow":["GET"]}}],"collection":[{"href":"https:\/\/smartcity.bamberg.de\/les\/wp-json\/wp\/v2\/posts"}],"about":[{"href":"https:\/\/smartcity.bamberg.de\/les\/wp-json\/wp\/v2\/types\/post"}],"author":[{"embeddable":true,"href":"https:\/\/smartcity.bamberg.de\/les\/wp-json\/wp\/v2\/users\/1"}],"replies":[{"embeddable":true,"href":"https:\/\/smartcity.bamberg.de\/les\/wp-json\/wp\/v2\/comments?post=5341"}],"version-history":[{"count":2,"href":"https:\/\/smartcity.bamberg.de\/les\/wp-json\/wp\/v2\/posts\/5341\/revisions"}],"predecessor-version":[{"id":6898,"href":"https:\/\/smartcity.bamberg.de\/les\/wp-json\/wp\/v2\/posts\/5341\/revisions\/6898"}],"wp:featuredmedia":[{"embeddable":true,"href":"https:\/\/smartcity.bamberg.de\/les\/wp-json\/wp\/v2\/media\/1058"}],"wp:attachment":[{"href":"https:\/\/smartcity.bamberg.de\/les\/wp-json\/wp\/v2\/media?parent=5341"}],"wp:term":[{"taxonomy":"category","embeddable":true,"href":"https:\/\/smartcity.bamberg.de\/les\/wp-json\/wp\/v2\/categories?post=5341"}],"curies":[{"name":"wp","href":"https:\/\/api.w.org\/{rel}","templated":true}]}}