{"id":5364,"date":"2023-07-07T07:18:00","date_gmt":"2023-07-07T05:18:00","guid":{"rendered":"https:\/\/smartcity.bamberg.de\/neuigkeiten\/projekt-wohlfuehlorte\/"},"modified":"2026-01-28T15:39:56","modified_gmt":"2026-01-28T14:39:56","slug":"projekt-wohlfuehlorte","status":"publish","type":"post","link":"https:\/\/smartcity.bamberg.de\/les\/projekt-wohlfuehlorte\/","title":{"rendered":"&#8220;Bassd\u201c Die Web-App f\u00fcr Wohlf\u00fchlorte in Bamberg"},"content":{"rendered":"<section class=\"container-fluid bg-white px-0 pt-5 pt-md-5\">\n                    <div class=\"container px-3\">\n<p>Mentale und k\u00f6rperliche Gesundheit bilden die Grundpfeiler eines guten Lebens. Daf\u00fcr gibt es schon ein breites digitales Angebot u. a. in den Bereichen Ern\u00e4hrung, Sport oder Erholung. Allerdings mangelt es an einer Kombination dieser Angebote mit regionalen Besonderheiten. Das Projekt &#8220;Bassd&#8221; will diese L\u00fccke f\u00fcr Bamberg mit einer lokal-spezifischen <a href=\"http:\/\/bassd.scrl.uni-bamberg.de\/app\">mobilen Anwendung<\/a> schlie\u00dfen. <\/p>\n<\/div>\n                <\/section>\n\n\n<!--more-->\n\n\n\n<figure class=\"wp-block-image size-full is-resized\"><a href=\"https:\/\/bassd.scrl.uni-bamberg.de\/app\/?page=0\"><img loading=\"lazy\" decoding=\"async\" src=\"https:\/\/smartcity.bamberg.de\/wp-content\/uploads\/2023\/07\/image.png\" alt=\"\" class=\"wp-image-2153\" width=\"432\" height=\"171\"\/><\/a><\/figure>\n\n\n<section class=\"container-fluid bg-white px-0 pt-5 pt-md-5\">\n                    <div class=\"container px-3\">\n<p>Bamberg bietet mit seinem idyllischen Stadtbild viele verschiedene Orte, die z. B. durch ihre entspannende Wirkung Wohlbefinden schaffen k\u00f6nnen. In der mobilen Anwendung werden je nach Bed\u00fcrfnis der Nutzenden ruhige, aktivierende oder gesellige Orte gemeinsam zusammengetragen und f\u00fcr alle auf einer Plattform zug\u00e4nglich gemacht. Auf einer interaktiven Karte werden die besonderen Orte zu Spazierrouten verbunden und es werden zu jedem Ort gesundheitsf\u00f6rdernde Ma\u00dfnahmen, wie z. B. k\u00f6rperliche und mentale \u00dcbungen, vorgeschlagen. Langfristiges Ziel des Projektes ist es, das Wohlbefinden und damit die Gesundheit der Bamberger:innen zu f\u00f6rdern. \u201eWohlf\u00fchlorte\u201c ist ein Kooperationsprojekt mit der Universit\u00e4t Bamberg.<\/p>\n<\/div>\n                <\/section>","protected":false},"excerpt":{"rendered":"<p>Das Projekt an der Uni Bamberg kombiniert verschiedene digitale Angebote f\u00fcr menatle und k\u00f6rperliche Gesundheit<\/p>\n","protected":false},"author":1,"featured_media":1181,"comment_status":"open","ping_status":"open","sticky":false,"template":"","format":"standard","meta":{"_acf_changed":false,"footnotes":""},"categories":[124],"class_list":["post-5364","post","type-post","status-publish","format-standard","has-post-thumbnail","hentry","category-smart-city-research-lab-2"],"acf":[],"_links":{"self":[{"href":"https:\/\/smartcity.bamberg.de\/les\/wp-json\/wp\/v2\/posts\/5364","targetHints":{"allow":["GET"]}}],"collection":[{"href":"https:\/\/smartcity.bamberg.de\/les\/wp-json\/wp\/v2\/posts"}],"about":[{"href":"https:\/\/smartcity.bamberg.de\/les\/wp-json\/wp\/v2\/types\/post"}],"author":[{"embeddable":true,"href":"https:\/\/smartcity.bamberg.de\/les\/wp-json\/wp\/v2\/users\/1"}],"replies":[{"embeddable":true,"href":"https:\/\/smartcity.bamberg.de\/les\/wp-json\/wp\/v2\/comments?post=5364"}],"version-history":[{"count":1,"href":"https:\/\/smartcity.bamberg.de\/les\/wp-json\/wp\/v2\/posts\/5364\/revisions"}],"predecessor-version":[{"id":6865,"href":"https:\/\/smartcity.bamberg.de\/les\/wp-json\/wp\/v2\/posts\/5364\/revisions\/6865"}],"wp:featuredmedia":[{"embeddable":true,"href":"https:\/\/smartcity.bamberg.de\/les\/wp-json\/wp\/v2\/media\/1181"}],"wp:attachment":[{"href":"https:\/\/smartcity.bamberg.de\/les\/wp-json\/wp\/v2\/media?parent=5364"}],"wp:term":[{"taxonomy":"category","embeddable":true,"href":"https:\/\/smartcity.bamberg.de\/les\/wp-json\/wp\/v2\/categories?post=5364"}],"curies":[{"name":"wp","href":"https:\/\/api.w.org\/{rel}","templated":true}]}}