{"id":5386,"date":"2021-11-18T13:34:20","date_gmt":"2021-11-18T12:34:20","guid":{"rendered":"https:\/\/smartcity.bamberg.de\/neuigkeiten\/regionale-ernaehrung\/"},"modified":"2026-01-29T08:21:30","modified_gmt":"2026-01-29T07:21:30","slug":"regionale-ernaehrung","status":"publish","type":"post","link":"https:\/\/smartcity.bamberg.de\/les\/regionale-ernaehrung\/","title":{"rendered":"Regionale Ern\u00e4hrung"},"content":{"rendered":"<section class=\"container-fluid bg-white px-0 pt-5 pt-md-5\">\n                    <div class=\"container px-3\">\n<p>Immer mehr Konsument:innen legen Wert auf regionale Erzeugnisse und kurze Transportwege. Die Digitalisierung kann Erzeuger:innen und Verbraucher:innen vor Ort zusammenbringen und regionale Wertsch\u00f6pfungskreisl\u00e4ufe und damit eine nachhaltige Entwicklung unterst\u00fctzen.<\/p>\n<\/div>\n                <\/section>\n\n<section class=\"container-fluid bg-white px-0 pt-5 pt-md-5\">\n                    <div class=\"container px-3\">\n<p><\/p>\n<\/div>\n                <\/section>","protected":false},"excerpt":{"rendered":"<p>Wie kann Digitalisierung dabei unterst\u00fctzen?<\/p>\n","protected":false},"author":1,"featured_media":1421,"comment_status":"open","ping_status":"open","sticky":false,"template":"","format":"standard","meta":{"_acf_changed":false,"footnotes":""},"categories":[121,162],"class_list":["post-5386","post","type-post","status-publish","format-standard","has-post-thumbnail","hentry","category-programm-smart-city-2","category-regionale-lebensmittelplattform"],"acf":[],"_links":{"self":[{"href":"https:\/\/smartcity.bamberg.de\/les\/wp-json\/wp\/v2\/posts\/5386","targetHints":{"allow":["GET"]}}],"collection":[{"href":"https:\/\/smartcity.bamberg.de\/les\/wp-json\/wp\/v2\/posts"}],"about":[{"href":"https:\/\/smartcity.bamberg.de\/les\/wp-json\/wp\/v2\/types\/post"}],"author":[{"embeddable":true,"href":"https:\/\/smartcity.bamberg.de\/les\/wp-json\/wp\/v2\/users\/1"}],"replies":[{"embeddable":true,"href":"https:\/\/smartcity.bamberg.de\/les\/wp-json\/wp\/v2\/comments?post=5386"}],"version-history":[{"count":4,"href":"https:\/\/smartcity.bamberg.de\/les\/wp-json\/wp\/v2\/posts\/5386\/revisions"}],"predecessor-version":[{"id":6893,"href":"https:\/\/smartcity.bamberg.de\/les\/wp-json\/wp\/v2\/posts\/5386\/revisions\/6893"}],"wp:featuredmedia":[{"embeddable":true,"href":"https:\/\/smartcity.bamberg.de\/les\/wp-json\/wp\/v2\/media\/1421"}],"wp:attachment":[{"href":"https:\/\/smartcity.bamberg.de\/les\/wp-json\/wp\/v2\/media?parent=5386"}],"wp:term":[{"taxonomy":"category","embeddable":true,"href":"https:\/\/smartcity.bamberg.de\/les\/wp-json\/wp\/v2\/categories?post=5386"}],"curies":[{"name":"wp","href":"https:\/\/api.w.org\/{rel}","templated":true}]}}