{"id":5391,"date":"2021-11-17T13:07:03","date_gmt":"2021-11-17T12:07:03","guid":{"rendered":"https:\/\/smartcity.bamberg.de\/neuigkeiten\/bassd-bamberg-spezifische-spaziergaenge-die-mobile-anwendung\/"},"modified":"2026-01-27T14:48:33","modified_gmt":"2026-01-27T13:48:33","slug":"bassd-bamberg-spezifische-spaziergaenge-die-mobile-anwendung","status":"publish","type":"post","link":"https:\/\/smartcity.bamberg.de\/les\/bassd-bamberg-spezifische-spaziergaenge-die-mobile-anwendung\/","title":{"rendered":"Bassd: Bamberg-spezifische Spazierg\u00e4nge \u2013 die mobile Anwendung"},"content":{"rendered":"\n<!--more-->\n\n\n<section class=\"container-fluid bg-white p-0 pt-5 pt-md-5\">\n                    <div class=\"container p-5 p-3 pb-0\">\n<h2 class=\"wp-block-heading\" class=\"mb-0\">Beteiligte<\/h2>\n<\/div>\n                <\/section>\n\n<section class=\"container-fluid bg-white px-0 pt-5 pt-md-5\">\n                    <div class=\"container px-3\">\n<p>Prof. Dr. Astrid Sch\u00fctz (Lehrstuhl f\u00fcr Pers\u00f6nlichkeitspsychologie und Psychologische Diagnostik)<br>Prof. Dr. Daniela Nicklas (Lehrstuhl f\u00fcr Informatik, insb. Mobile Softwaresysteme\/Mobilit\u00e4t)<br>Prof. Dr. Marc Redepenning (Lehrstuhl f\u00fcr Kulturgeographie)<br>M.Sc. Theresa Fehn (Lehrstuhl f\u00fcr Pers\u00f6nlichkeitspsychologie und Psychologische Diagnostik)<br>M.Sc. Marco Held (Lehrstuhl f\u00fcr Pers\u00f6nlichkeitspsychologie und Psychologische Diagnostik)<\/p>\n<\/div>\n                <\/section>\n\n<section class=\"container-fluid bg-white px-0 pt-5 pt-md-5\">\n                    <div class=\"container px-3\">\n<p><\/p>\n<\/div>\n                <\/section>\n\n<section class=\"container-fluid bg-white p-0 pt-5 pt-md-5\">\n                    <div class=\"container p-5 p-3 pb-0\">\n<h2 class=\"wp-block-heading\" class=\"mb-0\">Kurzbeschreibung<\/h2>\n<\/div>\n                <\/section>\n\n<section class=\"container-fluid bg-white px-0 pt-5 pt-md-5\">\n                    <div class=\"container px-3\">\n<p>Im Rahmen des Projekts wurde ein Bestandteil einer mobilen, Bamberg-spezifischen Gesundheits-Anwendung entwickelt werden. Die Grundlage der <a href=\"http:\/\/bassd.scrl.uni-bamberg.de\/app\">mobilen Anwendung<\/a> bildet eine interaktive geographische Karte, die verschiedene Wohlf\u00fchl- und Kraftorte in Bamberg f\u00fcr ausgew\u00e4hlte Quartiere abbildet. Vor dem Aspekt der Gesundheitsf\u00f6rderung wurden in die mobile Anwendung auf einer fundierten theoretischen und empirischen Basis konkrete \u00dcbungen zu den Themen emotionale Kompetenz, Ressourcenaufbau und Stressmanagement integriert, die an die identifizierten Wohlf\u00fchlorte gekoppelt sind. So haben die Nutzer*innen der mobilen Anwendung die M\u00f6glichkeit, je nach individuellem Bed\u00fcrfnis (z. B. Entspannung, Aktivierung, Anschluss) geeignete Wohlf\u00fchlorte mit Hilfe der interaktiven Karte aufzusuchen und an diesen Orten konkrete \u00dcbungen zur Steigerung ihres Wohlbefindens durchzuf\u00fchren. Dar\u00fcber hinaus wurden themenbezogene Spazierg\u00e4nge entwickelt und in die Anwendung integriert. Diese sind unterschiedlich lang (30-90 Minuten) und besonders abwechslungsreich gestaltet und erleichtern das Entdecken der Wohlf\u00fchlorte. <\/p>\n<\/div>\n                <\/section>\n\n<section class=\"container-fluid bg-white px-0 pt-5 pt-md-5\">\n                    <div class=\"container px-3\">\n<p>Das Projekt wird gemeinsam mit dem Cluster <a href=\"https:\/\/smartcity.bamberg.de\/2021\/10\/07\/projekt-wohlfuehlorte\/\">Digital Health <\/a>umgesetzt.<\/p>\n<\/div>\n                <\/section>","protected":false},"excerpt":{"rendered":"<p>Projekt am SCRL<\/p>\n","protected":false},"author":1,"featured_media":1181,"comment_status":"open","ping_status":"open","sticky":false,"template":"","format":"standard","meta":{"_acf_changed":false,"footnotes":""},"categories":[124],"class_list":["post-5391","post","type-post","status-publish","format-standard","has-post-thumbnail","hentry","category-smart-city-research-lab-2"],"acf":[],"_links":{"self":[{"href":"https:\/\/smartcity.bamberg.de\/les\/wp-json\/wp\/v2\/posts\/5391","targetHints":{"allow":["GET"]}}],"collection":[{"href":"https:\/\/smartcity.bamberg.de\/les\/wp-json\/wp\/v2\/posts"}],"about":[{"href":"https:\/\/smartcity.bamberg.de\/les\/wp-json\/wp\/v2\/types\/post"}],"author":[{"embeddable":true,"href":"https:\/\/smartcity.bamberg.de\/les\/wp-json\/wp\/v2\/users\/1"}],"replies":[{"embeddable":true,"href":"https:\/\/smartcity.bamberg.de\/les\/wp-json\/wp\/v2\/comments?post=5391"}],"version-history":[{"count":2,"href":"https:\/\/smartcity.bamberg.de\/les\/wp-json\/wp\/v2\/posts\/5391\/revisions"}],"predecessor-version":[{"id":6763,"href":"https:\/\/smartcity.bamberg.de\/les\/wp-json\/wp\/v2\/posts\/5391\/revisions\/6763"}],"wp:featuredmedia":[{"embeddable":true,"href":"https:\/\/smartcity.bamberg.de\/les\/wp-json\/wp\/v2\/media\/1181"}],"wp:attachment":[{"href":"https:\/\/smartcity.bamberg.de\/les\/wp-json\/wp\/v2\/media?parent=5391"}],"wp:term":[{"taxonomy":"category","embeddable":true,"href":"https:\/\/smartcity.bamberg.de\/les\/wp-json\/wp\/v2\/categories?post=5391"}],"curies":[{"name":"wp","href":"https:\/\/api.w.org\/{rel}","templated":true}]}}