{"id":5463,"date":"2022-08-23T12:51:02","date_gmt":"2022-08-23T10:51:02","guid":{"rendered":"https:\/\/smartcity.bamberg.de\/neuigkeiten\/wirtschafts-meets-digitalisierung\/"},"modified":"2026-01-28T15:57:34","modified_gmt":"2026-01-28T14:57:34","slug":"wirtschafts-meets-digitalisierung","status":"publish","type":"post","link":"https:\/\/smartcity.bamberg.de\/les\/wirtschafts-meets-digitalisierung\/","title":{"rendered":"Wirtschaft meets Digitalisierung"},"content":{"rendered":"<section class=\"container-fluid bg-white px-0 pt-5 pt-md-5\">\n                    <div class=\"container px-3\">\n<p>Ans\u00e4ssige Unternehmen spielen eine besondere Rolle, wenn es darum geht, eine Stadt auf ihrem Weg zur Smart City zu begleiten. Wie kann man sich demnach als Unternehmen bei Smart City Bamberg einbringen? Was macht Digitalisierung mit unserer Arbeitswelt und wann ist eine Stadt eigentlich smart? Welche Ideen haben Sie, um der Stadtgesellschaft mit digitalen L\u00f6sungen einen Nutzen zu stiften?<\/p>\n<\/div>\n                <\/section>\n\n\n<!--more-->\n\n\n<section class=\"container-fluid bg-white px-0 pt-5 pt-md-5\">\n                    <div class=\"container px-3\">\n<p>Am 19. September lud das Programm Smart City Bamberg gemeinsam mit dem Wirtschaftsclub Bamberg, IGZ\/Lagarde1 und der IHK Bamberg um 18 Uhr in das Tagungszentrum des IGZ in der Kronacher Stra\u00dfe 41 ein, um \u00fcber diese Fragen zu sprechen.<\/p>\n<\/div>\n                <\/section>\n\n<p>Nachdem Digitalisierungsreferent Dr. Stefan Goller sowie Wilfried K\u00e4mper vom Wirtschaftsclub Bamberg einige Gru\u00dfworte an die \u00fcber 40 Teilnehmer:innen richteten, konnten aufgrund der Erkrankung von Sascha Dorsch der Dr. Robert Pfleger GmbH statt der angek\u00fcndigten drei lediglich zwei spannende Impulsvortr\u00e4ge das anschlie\u00dfende Networking einleiten. Die G\u00e4ste bekamen also durch den Impulsvortrag des Programmleiters &#8220;Smart City Bamberg&#8221; Sascha G\u00f6tz zun\u00e4chst eine umfassende Einf\u00fchrung in das Thema &#8220;Smart Cities&#8221;. Diese konnten so durch die kurze Vorstellung des Projektprozesses sowie einiger Teilprojekte einen Eindruck \u00fcber die lokale Umsetzung des Programms gewinnen.<\/p>\n<p>Den zweiten Impuls lieferte Dr. Judith Volmer, welche im Zuge des &#8220;Smart City Research Labs&#8221; an der psychischen Gesundheit am Arbeitsplatz forscht. Ihr gestern ausf\u00fchrlich vorgestelltes Forschungsprojekt &#8220;ScanGov&#8221; beleuchtet hierbei neben den Einfl\u00fcssen von Homeoffice und Sport unter anderem auch den Einfluss der Digitalisierung des Arbeitsplatzes auf die psychische Gesundheit von im B\u00fcro Arbeitenden. Hierzu werden die Probanden durch eine Tagebuchstudie, welche dreimal t\u00e4glich die psychischen Einfl\u00fcsse der Arbeit abfragt, sowie durch die durchgehende Messung grunds\u00e4tzlicher medizinischer Werte, wie etwa den des Herzschlags, begleitet. Wie erste Ergebnisse zeigen, bringt die Digitalisierung eines Unternehmens auch immer Herausforderungen mit sich, welche durch smarte L\u00f6sungen angegangen werden m\u00fcssen.<\/p>\n<p><span style=\"font-size: revert; color: initial;\">Wenn Sie, wie einige der G\u00e4ste des gestrigen Abends ebenfalls Interesse an der Mitwirkung als Proband an dieser Studie haben, finden Sie unter folgendem Link weitere Informationen: <\/span><\/p>\n\n<section class=\"container-fluid bg-white px-0 pt-5 pt-md-5\">\n                    <div class=\"container px-3\">\n<p><a href=\"https:\/\/www.uni-bamberg.de\/scrl\/projekte\/scrl-projekte-scangov\/\">https:\/\/www.uni-bamberg.de\/scrl\/projekte\/scrl-projekte-scangov\/<\/a><\/p>\n<\/div>\n                <\/section>\n\n<p>Nach den beiden Impulsen konnten bei Getr\u00e4nken und Snacks viele weitere innovative Ideen und Vorstellungen zwischen den Impulsgebern und den G\u00e4sten tiefer diskutiert werden. Das Smart City Bamberg Team bedankt sich bei allen G\u00e4sten und Mitwirkenden f\u00fcr diesen aufschlussreichen Abend.<\/p>\n\n\n<hr class=\"wp-block-separator has-text-color has-alpha-channel-opacity has-background\" style=\"background-color:#98a4a8;color:#98a4a8\"\/>\n\n\n\n<figure class=\"wp-block-gallery has-nested-images columns-default is-cropped wp-block-gallery-1 is-layout-flex wp-block-gallery-is-layout-flex\">\n<figure class=\"wp-block-image size-large\"><a href=\"https:\/\/smartcity.bamberg.de\/wp-content\/uploads\/2022\/09\/20220919_180740-scaled.jpg\"><img decoding=\"async\" data-id=\"1523\" src=\"https:\/\/smartcity.bamberg.de\/wp-content\/uploads\/2022\/09\/20220919_180740-768x1024.jpg\" alt=\"Im IGZ War einiges los\" class=\"wp-image-1523\"\/><\/a><\/figure>\n\n\n\n<figure class=\"wp-block-image size-large\"><a href=\"https:\/\/smartcity.bamberg.de\/wp-content\/uploads\/2022\/09\/20220919_181054-scaled.jpg\"><img decoding=\"async\" data-id=\"1524\" src=\"https:\/\/smartcity.bamberg.de\/wp-content\/uploads\/2022\/09\/20220919_181054-768x1024.jpg\" alt=\"Sascha G\u00f6tz erz\u00e4hlt von Smart City Bamberg \" class=\"wp-image-1524\"\/><\/a><\/figure>\n\n\n\n<figure class=\"wp-block-image size-large\"><a href=\"https:\/\/smartcity.bamberg.de\/wp-content\/uploads\/2022\/09\/20220919_182555-scaled.jpg\"><img decoding=\"async\" data-id=\"1522\" src=\"https:\/\/smartcity.bamberg.de\/wp-content\/uploads\/2022\/09\/20220919_182555-768x1024.jpg\" alt=\"Mehr als 40 Teilnehmer:innen waren dabei\" class=\"wp-image-1522\"\/><\/a><\/figure>\n\n\n\n<figure class=\"wp-block-image size-large\"><a href=\"https:\/\/smartcity.bamberg.de\/wp-content\/uploads\/2022\/09\/20220919_183612-scaled.jpg\"><img decoding=\"async\" data-id=\"1520\" src=\"https:\/\/smartcity.bamberg.de\/wp-content\/uploads\/2022\/09\/20220919_183612-768x1024.jpg\" alt=\"Prof. Dr. Judith Volmer\" class=\"wp-image-1520\"\/><\/a><\/figure>\n\n\n\n<figure class=\"wp-block-image size-large\"><a href=\"https:\/\/smartcity.bamberg.de\/wp-content\/uploads\/2022\/09\/20220919_190847-scaled.jpg\"><img decoding=\"async\" data-id=\"1521\" src=\"https:\/\/smartcity.bamberg.de\/wp-content\/uploads\/2022\/09\/20220919_190847-768x1024.jpg\" alt=\"\" class=\"wp-image-1521\"\/><\/a><\/figure>\n\n\n\n<figure class=\"wp-block-image size-large\"><a href=\"https:\/\/smartcity.bamberg.de\/wp-content\/uploads\/2022\/09\/20220919_193328-scaled.jpg\"><img decoding=\"async\" data-id=\"1525\" src=\"https:\/\/smartcity.bamberg.de\/wp-content\/uploads\/2022\/09\/20220919_193328-768x1024.jpg\" alt=\"Vernetzung im Nachgang \" class=\"wp-image-1525\"\/><\/a><\/figure>\n<\/figure>\n","protected":false},"excerpt":{"rendered":"<p>Austausch mit lokalen Unternehmen, dem Wirtschaftsclub Bamberg, der IHK und dem IGZ\/Lagarde 1<\/p>\n","protected":false},"author":1,"featured_media":1580,"comment_status":"open","ping_status":"open","sticky":false,"template":"","format":"standard","meta":{"_acf_changed":false,"footnotes":""},"categories":[169,121,150],"class_list":["post-5463","post","type-post","status-publish","format-standard","has-post-thumbnail","hentry","category-beteiligung","category-programm-smart-city-2","category-veranstaltungen"],"acf":[],"_links":{"self":[{"href":"https:\/\/smartcity.bamberg.de\/les\/wp-json\/wp\/v2\/posts\/5463","targetHints":{"allow":["GET"]}}],"collection":[{"href":"https:\/\/smartcity.bamberg.de\/les\/wp-json\/wp\/v2\/posts"}],"about":[{"href":"https:\/\/smartcity.bamberg.de\/les\/wp-json\/wp\/v2\/types\/post"}],"author":[{"embeddable":true,"href":"https:\/\/smartcity.bamberg.de\/les\/wp-json\/wp\/v2\/users\/1"}],"replies":[{"embeddable":true,"href":"https:\/\/smartcity.bamberg.de\/les\/wp-json\/wp\/v2\/comments?post=5463"}],"version-history":[{"count":2,"href":"https:\/\/smartcity.bamberg.de\/les\/wp-json\/wp\/v2\/posts\/5463\/revisions"}],"predecessor-version":[{"id":6879,"href":"https:\/\/smartcity.bamberg.de\/les\/wp-json\/wp\/v2\/posts\/5463\/revisions\/6879"}],"wp:featuredmedia":[{"embeddable":true,"href":"https:\/\/smartcity.bamberg.de\/les\/wp-json\/wp\/v2\/media\/1580"}],"wp:attachment":[{"href":"https:\/\/smartcity.bamberg.de\/les\/wp-json\/wp\/v2\/media?parent=5463"}],"wp:term":[{"taxonomy":"category","embeddable":true,"href":"https:\/\/smartcity.bamberg.de\/les\/wp-json\/wp\/v2\/categories?post=5463"}],"curies":[{"name":"wp","href":"https:\/\/api.w.org\/{rel}","templated":true}]}}