{"id":5492,"date":"2023-02-13T15:42:02","date_gmt":"2023-02-13T14:42:02","guid":{"rendered":"https:\/\/smartcity.bamberg.de\/neuigkeiten\/endlich-wlan-fuer-jugendtreffs\/"},"modified":"2026-01-28T15:45:47","modified_gmt":"2026-01-28T14:45:47","slug":"endlich-wlan-fuer-jugendtreffs","status":"publish","type":"post","link":"https:\/\/smartcity.bamberg.de\/les\/endlich-wlan-fuer-jugendtreffs\/","title":{"rendered":"Endlich WLAN f\u00fcr Jugendtreffs!"},"content":{"rendered":"<section class=\"container-fluid bg-white px-0 pt-5 pt-md-5\">\n                    <div class=\"container px-3\">\n<p><strong>Smart City Bamberg hat sich das Ziel gesetzt, WLAN dorthin zu bringen, wo die Jugendlichen sind. So wurde im Jahr 2022 nicht nur der Jugendtreff BasKidhall mit dem baMbit-WLAN ausgestattet, sondern einige Monate darauf auch der Jugendtreff Ost. <\/strong><\/p>\n<\/div>\n                <\/section>\n\n\n<!--more-->\n\n\n<section class=\"container-fluid bg-white px-0 pt-5 pt-md-5\">\n                    <div class=\"container px-3\">\n<p>Digitalisierungsreferent Dr. Stefan Goller erinnert sich: \u201eBereits w\u00e4hrend der Planung des WLAN-Projektes in der BasKIDhall standen wir schon mit dem iSo e.V. im Austausch dar\u00fcber, welche Einrichtungen ebenfalls an das Netz angebunden werden sollten. Es freut uns zu sehen, dass wir bei diesem Vorhaben best\u00e4ndig Erfolge beobachten d\u00fcrfen.\u201c<\/p>\n<\/div>\n                <\/section>\n\n\n<figure class=\"wp-block-image size-large is-resized\"><img loading=\"lazy\" decoding=\"async\" src=\"https:\/\/smartcity.bamberg.de\/wp-content\/uploads\/2023\/02\/Pressefoto-BasKIDhall-1024x683.jpg\" alt=\"\" class=\"wp-image-1729\" width=\"512\" height=\"342\"\/><figcaption>Bei dem Besuch von Smart City Netzwerkmanagerin Nina Stapf (li.) und dem Referenten f\u00fcr Wirtschaft und Digitalisierung Dr. Stefan Goller (re.) in der BasKidhall freuen sie sich zusammen mit den Kindern und Jonas Richter &amp; Pauline Haag vom iSo e.V \u00fcber die neuen M\u00f6glichkeiten, die durch das WLAN geschaffen wurden.<\/figcaption><\/figure>\n\n\n<section class=\"container-fluid bg-white px-0 pt-5 pt-md-5\">\n                    <div class=\"container px-3\">\n<p>Auch den Jugendtreff Ost haben die st\u00e4dtischen Vertreter:innen besucht, um sich vor Ort \u00fcber die Wirksamkeit der Neuerung zu informieren. Dieses mal sogar begleitet von B\u00fcrgermeister Jonas Gl\u00fcsenkamp. Jan Ammensd\u00f6rfer, Leiter der Einrichtung, erkl\u00e4rt, dass das WLAN eine Bereicherung f\u00fcr Alle sei. F\u00fcr Eltern und Mitarbeiter w\u00fcrde es die Kommunikationsm\u00f6glichkeiten miteinander und mit den Jugendlichen erweitern. F\u00fcr diese dahingegen, k\u00f6nnten neue Freizeitangebote wie die M\u00f6glichkeit zum Spielen von Onlinespielen und der Zugang zu Lern- und Unterhaltungssoftware geschaffen werden. Gerade mit solchen Angeboten erreiche man die Jugendlichen heute. Wenn sie dann vor Ort sind, haben sie zudem die M\u00f6glichkeit, traditionell analog, die Sportpl\u00e4tze zu nutzen und sich an der frischen Luft miteinander zu besch\u00e4ftigen.  <\/p>\n<\/div>\n                <\/section>\n\n<section class=\"container-fluid bg-white px-0 pt-5 pt-md-5\">\n                    <div class=\"container px-3\">\n<p>Als Sozialreferent ist es Jonas Gl\u00fcsenkamp wichtig, \u201edass moderne R\u00e4ume f\u00fcr die Jugendlichen geschaffen werden, die neben den herk\u00f6mmlichen, auch durch digitale Angebote an Attraktivit\u00e4t gewinnen. Die Orte des Zusammentreffens m\u00fcssen deshalb mindestens die gleichen M\u00f6glichkeiten wie zu Hause haben. Es gibt dort auch die M\u00f6glichkeit zur Vermittlung digitaler Kompetenzen.\u201c<\/p>\n<\/div>\n                <\/section>\n\n\n<figure class=\"wp-block-image size-large is-resized\"><img loading=\"lazy\" decoding=\"async\" src=\"https:\/\/smartcity.bamberg.de\/wp-content\/uploads\/2023\/02\/P1011603-768x1024.jpg\" alt=\"\" class=\"wp-image-1730\" width=\"384\" height=\"512\"\/><figcaption>B\u00fcrgermeister <em>Jonas Gl\u00fcsenkamp und Dr. Stefan Goller schauen sich gemeinsam mit den Kids des JUZ Ost das Rathaus in digitaler Form an.<\/em><\/figcaption><\/figure>\n\n\n<section class=\"container-fluid bg-white px-0 pt-5 pt-md-5\">\n                    <div class=\"container px-3\">\n<p>Ein allgemeiner WLAN-Ausbau ist gem\u00e4\u00df der F\u00f6rderrichtlinien des Smart City Programms leider nicht m\u00f6glich, trotzdem versucht das Programm Smart City Bamberg punktuell unterst\u00fctzend t\u00e4tig zu werden und hat bereits einige Standorte innerhalb der Stadt mit WLAN versorgt.  So konnten neben den bereits genannten Standorten auch die Fl\u00fcchtlingsunterkunft \u201eAn der Breitenau\u201c, die Bauberatung, das Stra\u00dfenverkehrsamt sowie die Stadtarchive und das B\u00fcrgerlabor am Maxplatz mit WLAN-Zug\u00e4ngen versehen werden. Wo in Bamberg sich die mit WLAN ausgestatteten Standorte befinden, l\u00e4sst sich auf der obigen Karte \u00fcberblicken.<\/p>\n<\/div>\n                <\/section>\n\n\n<figure class=\"wp-block-gallery has-nested-images columns-default is-cropped wp-block-gallery-1 is-layout-flex wp-block-gallery-is-layout-flex\">\n<figure class=\"wp-block-image size-large\"><img decoding=\"async\" data-id=\"1768\" src=\"https:\/\/smartcity.bamberg.de\/wp-content\/uploads\/2023\/02\/WLAN-SCB-1024x726.png\" alt=\"\" class=\"wp-image-1768\"\/><\/figure>\n<\/figure>\n","protected":false},"excerpt":{"rendered":"<p>Mitarbeitende, Kinder und Jugendliche profitieren davon!<\/p>\n","protected":false},"author":1,"featured_media":1694,"comment_status":"open","ping_status":"open","sticky":false,"template":"","format":"standard","meta":{"_acf_changed":false,"footnotes":""},"categories":[121],"class_list":["post-5492","post","type-post","status-publish","format-standard","has-post-thumbnail","hentry","category-programm-smart-city-2"],"acf":[],"_links":{"self":[{"href":"https:\/\/smartcity.bamberg.de\/les\/wp-json\/wp\/v2\/posts\/5492","targetHints":{"allow":["GET"]}}],"collection":[{"href":"https:\/\/smartcity.bamberg.de\/les\/wp-json\/wp\/v2\/posts"}],"about":[{"href":"https:\/\/smartcity.bamberg.de\/les\/wp-json\/wp\/v2\/types\/post"}],"author":[{"embeddable":true,"href":"https:\/\/smartcity.bamberg.de\/les\/wp-json\/wp\/v2\/users\/1"}],"replies":[{"embeddable":true,"href":"https:\/\/smartcity.bamberg.de\/les\/wp-json\/wp\/v2\/comments?post=5492"}],"version-history":[{"count":1,"href":"https:\/\/smartcity.bamberg.de\/les\/wp-json\/wp\/v2\/posts\/5492\/revisions"}],"predecessor-version":[{"id":6870,"href":"https:\/\/smartcity.bamberg.de\/les\/wp-json\/wp\/v2\/posts\/5492\/revisions\/6870"}],"wp:featuredmedia":[{"embeddable":true,"href":"https:\/\/smartcity.bamberg.de\/les\/wp-json\/wp\/v2\/media\/1694"}],"wp:attachment":[{"href":"https:\/\/smartcity.bamberg.de\/les\/wp-json\/wp\/v2\/media?parent=5492"}],"wp:term":[{"taxonomy":"category","embeddable":true,"href":"https:\/\/smartcity.bamberg.de\/les\/wp-json\/wp\/v2\/categories?post=5492"}],"curies":[{"name":"wp","href":"https:\/\/api.w.org\/{rel}","templated":true}]}}