{"id":5497,"date":"2023-03-01T07:56:49","date_gmt":"2023-03-01T06:56:49","guid":{"rendered":"https:\/\/smartcity.bamberg.de\/neuigkeiten\/4-millionen-euro-fuer-das-scrl\/"},"modified":"2026-01-28T15:44:03","modified_gmt":"2026-01-28T14:44:03","slug":"4-millionen-euro-fuer-das-scrl","status":"publish","type":"post","link":"https:\/\/smartcity.bamberg.de\/les\/4-millionen-euro-fuer-das-scrl\/","title":{"rendered":"4 Millionen Euro f\u00fcr das SCRL"},"content":{"rendered":"<section class=\"container-fluid bg-white px-0 pt-5 pt-md-5\">\n                    <div class=\"container px-3\">\n<p>Um eine smarte Transformation der Mobilit\u00e4t in der klugen Stadt zu gew\u00e4hrleisten, muss man nat\u00fcrlich die Ausgangslage kennen. Nur mit diesen Mobilit\u00e4tsdaten k\u00f6nnen Kommunen daf\u00fcr sorgen, dass nachhaltiger Verkehr in den St\u00e4dten einkehrt. \u00a0<\/p>\n<\/div>\n                <\/section>\n\n\n<!--more-->\n\n\n<section class=\"container-fluid bg-white px-0 pt-5 pt-md-5\">\n                    <div class=\"container px-3\">\n<p>Einen Ansatz stellt hierbei die St\u00e4rkung der intermodalen Mobilit\u00e4t dar. Damit ist die sinnvolle Verkn\u00fcpfung verschiedener Verkehrsmittel gemeint. Mit der Mobilit\u00e4tsplattform- &amp; App findet sich dieser Ansatz auch im Bamberger Smart City Programm wieder. Momentan besteht jedoch das Problem, dass diese Mobilit\u00e4tsdaten oft auch R\u00fcckschl\u00fcsse auf weitere Lebensbereiche zulassen, was zur Folge hat, dass sie nicht uneingeschr\u00e4nkt zur Analyse nutzbar sind.<\/p>\n<\/div>\n                <\/section>\n\n<section class=\"container-fluid bg-white px-0 pt-5 pt-md-5\">\n                    <div class=\"container px-3\">\n<p>Deshalb widmet sich das neue Forschungsprojekt \u201eErkl\u00e4rbare Anonymisierung intermodaler Mobilit\u00e4tsdaten\u201c (kurz: explanym), welches an der Universit\u00e4t Bamberg durchgef\u00fchrt wird, der Entwicklung erkl\u00e4rbarer Anonymisierungstechniken f\u00fcr Mobilit\u00e4tsdaten, welche keine R\u00fcckschl\u00fcsse auf das Verhalten einzelner erlauben. Dieses wird bis Dezember 2025 mit rund 4 Millionen Euro durch das Bundesministerium f\u00fcr Bildung und Forschung (BMBF) im Forschungsrahmenprogramm der Bundesregierung zur IT-Sicherheit \u201eDigital. Sicher. Souver\u00e4n.\u201c gef\u00f6rdert.<\/p>\n<\/div>\n                <\/section>\n\n<section class=\"container-fluid bg-white px-0 pt-5 pt-md-5\">\n                    <div class=\"container px-3\">\n<p>Neben dem st\u00e4dtischen Verkehr soll auch der Anwendungsfall des Personenverkehrs innerhalb von Kliniken gepr\u00fcft werden. So k\u00f6nnten unter anderem Bewegungsdaten von Spezialbetten, Krankenhaus-Rollst\u00fchlen oder Reinigungswagen. Daniela Nicklas, Inhaberin des Lehrstuhls f\u00fcr Informatik, insbesondere Mobile Softwaresysteme\/Mobilit\u00e4t an der Universit\u00e4t Bamberg erl\u00e4utert, dass in beiden Beispielumgebungen in einem Testfeld konkrete Mobilit\u00e4tsdaten erhoben und verschiedene Varianten von Erkl\u00e4rungen erarbeitet w\u00fcrden, um die Betroffenen \u00fcber die Wirkungsweise von Anonymisierungs- und De-Personalisierungstechniken zu informieren. Die ersten Feldexperimente sind f\u00fcr das Jahr 2024 angesetzt, welche weniger technischer Natur sind, als dass sie menschliche Faktoren wie die IT-Kompetenz und die Vertrauensbereitschaft der Bamberger:innen pr\u00fcfen sollen.<\/p>\n<\/div>\n                <\/section>\n\n<section class=\"container-fluid bg-white px-0 pt-5 pt-md-5\">\n                    <div class=\"container px-3\">\n<p>Das Projekt zeichnet sich zudem durch die Einbeziehung verschiedenster regionaler Projektpartner aus. Neben weiteren Lehrst\u00fchlen der Universit\u00e4t Bamberg wie etwa dem Lehrstuhl f\u00fcr Privatsph\u00e4re und Sicherheit in Informationssystemen sowie dem Lehrstuhl f\u00fcr Pers\u00f6nlichkeitspsychologie und Psychologische Diagnostik sind Unternehmen wie Dashfactory, PSOIDO und Safectory beteiligt. Auch das Bamberger Start-Up wikimotive, das Hygiene Technologie Kompetenzzentrum (HTK) als Tochter der Sozialstiftung Bamberg, die Stadtwerke Bamberg und die Stadt Bamberg werden im Zuge des Smart City Programms an diesem Projekt mitarbeiten. Zur Bearbeitung sollen in den kommenden Monaten mehrere Stellen an der Universit\u00e4t Bamberg ausgeschrieben werden. &nbsp;<\/p>\n<\/div>\n                <\/section>","protected":false},"excerpt":{"rendered":"<p>Erfolgreicher F\u00f6rderantrag beim BMBF f\u00fcr das Projekt explanym!<\/p>\n","protected":false},"author":1,"featured_media":1708,"comment_status":"open","ping_status":"open","sticky":false,"template":"","format":"standard","meta":{"_acf_changed":false,"footnotes":""},"categories":[124],"class_list":["post-5497","post","type-post","status-publish","format-standard","has-post-thumbnail","hentry","category-smart-city-research-lab-2"],"acf":[],"_links":{"self":[{"href":"https:\/\/smartcity.bamberg.de\/les\/wp-json\/wp\/v2\/posts\/5497","targetHints":{"allow":["GET"]}}],"collection":[{"href":"https:\/\/smartcity.bamberg.de\/les\/wp-json\/wp\/v2\/posts"}],"about":[{"href":"https:\/\/smartcity.bamberg.de\/les\/wp-json\/wp\/v2\/types\/post"}],"author":[{"embeddable":true,"href":"https:\/\/smartcity.bamberg.de\/les\/wp-json\/wp\/v2\/users\/1"}],"replies":[{"embeddable":true,"href":"https:\/\/smartcity.bamberg.de\/les\/wp-json\/wp\/v2\/comments?post=5497"}],"version-history":[{"count":2,"href":"https:\/\/smartcity.bamberg.de\/les\/wp-json\/wp\/v2\/posts\/5497\/revisions"}],"predecessor-version":[{"id":6869,"href":"https:\/\/smartcity.bamberg.de\/les\/wp-json\/wp\/v2\/posts\/5497\/revisions\/6869"}],"wp:featuredmedia":[{"embeddable":true,"href":"https:\/\/smartcity.bamberg.de\/les\/wp-json\/wp\/v2\/media\/1708"}],"wp:attachment":[{"href":"https:\/\/smartcity.bamberg.de\/les\/wp-json\/wp\/v2\/media?parent=5497"}],"wp:term":[{"taxonomy":"category","embeddable":true,"href":"https:\/\/smartcity.bamberg.de\/les\/wp-json\/wp\/v2\/categories?post=5497"}],"curies":[{"name":"wp","href":"https:\/\/api.w.org\/{rel}","templated":true}]}}