{"id":5535,"date":"2023-09-20T13:24:27","date_gmt":"2023-09-20T11:24:27","guid":{"rendered":"https:\/\/smartcity.bamberg.de\/neuigkeiten\/ueberregionaler-austausch-unter-stadtraeten-von-smart-cities\/"},"modified":"2026-01-28T15:34:54","modified_gmt":"2026-01-28T14:34:54","slug":"ueberregionaler-austausch-unter-stadtraeten-von-smart-cities","status":"publish","type":"post","link":"https:\/\/smartcity.bamberg.de\/les\/ueberregionaler-austausch-unter-stadtraeten-von-smart-cities\/","title":{"rendered":"\u00dcberregionaler Austausch unter Stadtr\u00e4ten von Smart Cities"},"content":{"rendered":"<section class=\"container-fluid bg-white px-0 pt-5 pt-md-5\">\n                    <div class=\"container px-3\">\n<p><a><strong>Auftakt der \u201eSmarten Stadtgespr\u00e4che\u201c<\/strong><\/a> <strong>Stadtr\u00e4te von Smart Cities im interkommunalen Austausch<\/strong><\/p>\n<\/div>\n                <\/section>\n\n<section class=\"container-fluid bg-white px-0 pt-5 pt-md-5\">\n                    <div class=\"container px-3\">\n<p>Ein Format, das den fraktions\u00fcbergreifenden Austausch unter Stadtr\u00e4t:innen aus digitalen Vorreiterkommunen f\u00f6rdert und M\u00f6glichkeiten zur Vernetzung anbietet? Das ist der Grundgedanke der \u201esmarten Stadtgespr\u00e4che\u201c, die am 19.09.2023 ihr Deb\u00fct feierten. <\/p>\n<\/div>\n                <\/section>\n\n\n<!--more-->\n\n\n<section class=\"container-fluid bg-white px-0 pt-5 pt-md-5\">\n                    <div class=\"container px-3\">\n<p>In enger Zusammenarbeit mit den Smart Cities Kaiserslautern und der Metropolregion Rhein-Neckar wurden die &#8220;smarten Stadtgespr\u00e4che&#8221; ins Leben gerufen. Das Ziel: Erfahrungen, bew\u00e4hrte Praktiken und zukunftsweisende Strategien im Umgang mit digitalen Technologien auf kommunalpolitischer Ebene austauschen. <\/p>\n<\/div>\n                <\/section>\n\n<section class=\"container-fluid bg-white px-0 pt-5 pt-md-5\">\n                    <div class=\"container px-3\">\n<p>\u201eMit diesem bundesweit bisher einzigartigen Format m\u00f6chten wir einen kommunalpolitischen Austausch zu Digitalthemen \u00fcber Stadt- und Fraktionsgrenzen hinweg ansto\u00dfen. St\u00e4dte und Gemeinden nutzen zunehmend digitale Technologien f\u00fcr die Verwaltungsarbeit und zur Erledigung ihrer gesetzlichen Aufgaben. Diese positive Entwicklung muss jedoch vor Ort politisch gestaltet werden. Deshalb brauchen wir in den Kommunen eine gute Digitalpolitik, die den Einsatz von Technologie am Wohl der B\u00fcrgerinnen und B\u00fcrger misst\u201c, erkl\u00e4rt Ilona Benz, Chief Digital Officer der Stadt Kaiserslautern, die Motivation f\u00fcr das neue Format. \u201eEs bedarf eines breiten Wissens- und Kompetenzspektrums in der Kommunalpolitik, um die Chancen der Digitalisierung verantwortungsvoll nutzen zu k\u00f6nnen. Dies gilt umso mehr in den Smart-City-Modellprojekten. Mit den \u201asmarten Stadtgespr\u00e4chen\u2018 m\u00f6chten wir einen ersten Schritt zu mehr Sensibilisierung, Vernetzung und St\u00e4rkung kommunaler Mandatstr\u00e4gerinnen und Mandatstr\u00e4ger in der Digitalpolitik gehen.\u201c<\/p>\n<\/div>\n                <\/section>\n\n<section class=\"container-fluid bg-white px-0 pt-5 pt-md-5\">\n                    <div class=\"container px-3\">\n<p>Die \u201esmarten Stadtgespr\u00e4che\u201c bieten neben Impulsen aus den aktuellen Smart-City-Projekten der teilnehmenden St\u00e4dte einen Raum f\u00fcr Erfahrungsaustausch. Der Fokus liegt zun\u00e4chst auf digitalen Themen, die f\u00fcr Stadtr\u00e4t:innen derzeit von besonderer Relevanz sind, beispielsweise digitale B\u00fcrger:innenbeteiligung oder hybride Ratsarbeit. Die Themenpalette soll sukzessive um die gro\u00dfen Themen der Digitalpolitik, wie digitale Souver\u00e4nit\u00e4t oder Datenethik, erg\u00e4nzt werden. Von dem Ansatz und der Zielsetzung des neuen Formats zeigen sich auch die Kooperationspartner:innen in den Smart-City-Modellprojekten Bamberg und der Metropolregion Rhein-Neckar begeistert. Sascha G\u00f6tz, Gesamtprojektleiter der Smart City Bamberg verdeutlicht: \u201eIm unmittelbaren Austausch mit anderen Smart Cities zeigen sich viele Gemeinsamkeiten. Durch den Kontakt und die M\u00f6glichkeit aus erster Hand von den aktuellen Vorhaben der Kolleg:innen zu erfahren, profitieren alle Teilnehmenden des Formats.\u201c<\/p>\n<\/div>\n                <\/section>\n\n<section class=\"container-fluid bg-white px-0 pt-5 pt-md-5\">\n                    <div class=\"container px-3\">\n<p>&#8220;Wir freuen uns, Teil des Formats sein zu d\u00fcrfen und unsere Erfahrungen als regionales Modellprojekt einzubringen. Es ist uns ein Anliegen, den Austausch und die Vernetzung der Stadtr\u00e4t:innen zu f\u00f6rdern, um gemeinsam an innovativen L\u00f6sungen f\u00fcr die digitale Zukunft unserer Kommunen zu arbeiten&#8221;, f\u00fcgt Boris Schmitt, Leiter der \u00d6ffentlichkeitsarbeit und des Regionalmanagements bei der Metropolregion Rhein-Neckar hinzu.<\/p>\n<\/div>\n                <\/section>\n\n<section class=\"container-fluid bg-white px-0 pt-5 pt-md-5\">\n                    <div class=\"container px-3\">\n<p>Nach dem erfolgreichen Startschuss soll das Format mit weiteren digitalen Vorreiterkommunen fortgef\u00fchrt werden, um den kommunalpolitischen Austausch r\u00e4umlich und inhaltlich zu erweitern und zu festigen. Interessierte Kommunen k\u00f6nnen sich gerne jederzeit an Sabine Martin (<a href=\"mailto:s.martin@kl.digital\">s.martin@kl.digital<\/a>) wenden.<\/p>\n<\/div>\n                <\/section>","protected":false},"excerpt":{"rendered":"<p>Auftakt der \u201eSmarten Stadtgespr\u00e4che\u201c<\/p>\n","protected":false},"author":1,"featured_media":1876,"comment_status":"open","ping_status":"open","sticky":false,"template":"","format":"standard","meta":{"_acf_changed":false,"footnotes":""},"categories":[121],"class_list":["post-5535","post","type-post","status-publish","format-standard","has-post-thumbnail","hentry","category-programm-smart-city-2"],"acf":[],"_links":{"self":[{"href":"https:\/\/smartcity.bamberg.de\/les\/wp-json\/wp\/v2\/posts\/5535","targetHints":{"allow":["GET"]}}],"collection":[{"href":"https:\/\/smartcity.bamberg.de\/les\/wp-json\/wp\/v2\/posts"}],"about":[{"href":"https:\/\/smartcity.bamberg.de\/les\/wp-json\/wp\/v2\/types\/post"}],"author":[{"embeddable":true,"href":"https:\/\/smartcity.bamberg.de\/les\/wp-json\/wp\/v2\/users\/1"}],"replies":[{"embeddable":true,"href":"https:\/\/smartcity.bamberg.de\/les\/wp-json\/wp\/v2\/comments?post=5535"}],"version-history":[{"count":1,"href":"https:\/\/smartcity.bamberg.de\/les\/wp-json\/wp\/v2\/posts\/5535\/revisions"}],"predecessor-version":[{"id":6862,"href":"https:\/\/smartcity.bamberg.de\/les\/wp-json\/wp\/v2\/posts\/5535\/revisions\/6862"}],"wp:featuredmedia":[{"embeddable":true,"href":"https:\/\/smartcity.bamberg.de\/les\/wp-json\/wp\/v2\/media\/1876"}],"wp:attachment":[{"href":"https:\/\/smartcity.bamberg.de\/les\/wp-json\/wp\/v2\/media?parent=5535"}],"wp:term":[{"taxonomy":"category","embeddable":true,"href":"https:\/\/smartcity.bamberg.de\/les\/wp-json\/wp\/v2\/categories?post=5535"}],"curies":[{"name":"wp","href":"https:\/\/api.w.org\/{rel}","templated":true}]}}