{"id":5556,"date":"2023-12-07T10:18:19","date_gmt":"2023-12-07T09:18:19","guid":{"rendered":"https:\/\/smartcity.bamberg.de\/neuigkeiten\/smarter-ja-sagen\/"},"modified":"2026-01-28T15:24:50","modified_gmt":"2026-01-28T14:24:50","slug":"smarter-ja-sagen","status":"publish","type":"post","link":"https:\/\/smartcity.bamberg.de\/les\/smarter-ja-sagen\/","title":{"rendered":"Smarter \u201eJa\u201c sagen!"},"content":{"rendered":"<section class=\"container-fluid bg-white px-0 pt-5 pt-md-5\">\n                    <div class=\"container px-3\">\n<p><strong>Mit dem <a href=\"https:\/\/traukalender.bamberg.de\/\">Online-Traukalender<\/a> des Standesamts Bamberg k\u00f6nnen Paare unkompliziert einen Termin f\u00fcr die Eheschlie\u00dfung finden.<\/strong><\/p>\n<\/div>\n                <\/section>\n\n\n<!--more-->\n\n\n<section class=\"container-fluid bg-white px-0 pt-5 pt-md-5\">\n                    <div class=\"container px-3\">\n<p>Sich das Ja-Wort zu geben, ist in Bamberg k\u00fcnftig noch viel einfacher: Dank des F\u00f6rderprogramms Smart City Bamberg ist es Paaren von \u00fcberall her nun m\u00f6glich, via Online-Traukalender ihren Wunschtermin f\u00fcr die standesamtliche Trauung am PC, Handy oder Tablet zu buchen.<\/p>\n<\/div>\n                <\/section>\n\n<section class=\"container-fluid bg-white px-0 pt-5 pt-md-5\">\n                    <div class=\"container px-3\">\n<p>Im Online-Traukalender finden Paare eine \u00dcbersicht der \u00d6rtlichkeiten, die in Bamberg f\u00fcr eine standesamtliche Trauung infrage kommen sowie deren Nutzungskosten. Im Mittelpunkt steht jedoch die Auswahl des gew\u00fcnschten Eheschlie\u00dfungstermins.<\/p>\n<\/div>\n                <\/section>\n\n<section class=\"container-fluid bg-white px-0 pt-5 pt-md-5\">\n                    <div class=\"container px-3\">\n<p>\u201eWir freuen uns, dass wir mit diesem Digitalisierungsangebot den Bamberger:innen und Eheschlie\u00dfenden wieder ein St\u00fcck entgegen kommen und den Alltag erleichtern k\u00f6nnen. Auch wenn eine Hochzeit nat\u00fcrlich nichts Allt\u00e4gliches ist, ist es doch angenehm, einen Teil der n\u00f6tigen Vorbereitungen Zuhause am PC erledigen zu k\u00f6nnen\u201c, so Digitalisierungsreferent Dr. Stefan Goller.<\/p>\n<\/div>\n                <\/section>\n\n\n<figure class=\"wp-block-image size-large\"><a href=\"https:\/\/traukalender.bamberg.de\/\"><img decoding=\"async\" src=\"https:\/\/smartcity.bamberg.de\/wp-content\/uploads\/2023\/12\/Traukalender_Vorstellung-13-1024x683.jpg\" alt=\"\" class=\"wp-image-2408\"\/><\/a><figcaption><em>Die Seite bietet eine tolle \u00dcbersicht \u00fcber all die M\u00f6glichkeiten sich in Bamberg standesamtlich trauen zu lassen sowie deren Kosten und Bedingungen.<\/em><br>&nbsp;<\/figcaption><\/figure>\n\n\n<section class=\"container-fluid bg-white px-0 pt-5 pt-md-5\">\n                    <div class=\"container px-3\">\n<p><strong>Mit Erinnerungsfunktion<\/strong><\/p>\n<\/div>\n                <\/section>\n\n<section class=\"container-fluid bg-white px-0 pt-5 pt-md-5\">\n                    <div class=\"container px-3\">\n<p>Mit der L\u00f6sung des Traukalenders k\u00f6nnen die Paare ihren gro\u00dfen Tag ganz bequem auch au\u00dferhalb der Servicezeiten und telefonischen Erreichbarkeit des Standesamtes buchen. Ein weiterer Service des Traukalenders: Nach der Buchung bekommen die Paare Erinnerungen bez\u00fcglich einzuhaltender Fristen, damit keine Termine mehr verpasst werden \u2013 ein Service, der ohne die digitalisierte Variante in der Form nur mit sehr gro\u00dfem Aufwand m\u00f6glich gewesen w\u00e4re, so Falk Dietze vom Standesamt Bamberg.<\/p>\n<\/div>\n                <\/section>\n\n<section class=\"container-fluid bg-white px-0 pt-5 pt-md-5\">\n                    <div class=\"container px-3\">\n<p>Bereits kurz nach Ver\u00f6ffentlichung des Traukalenders erfolgte ein Gro\u00dfteil der Terminbuchungen \u00fcber den Traukalender, mittlerweile sind es wohl rund 90 Prozent. Falk Dietze, Leiter des Standesamtes in Bamberg, res\u00fcmiert zum Traukalender positiv: \u201eEin wichtiger Schritt hin zur Verbesserung unseres B\u00fcrgerservice durch digitale Angebote ist mit dem Traukalender gemacht. Die rege Nutzung ist f\u00fcr uns Ansporn, den eingeschlagenen Weg weiterzugehen.\u201c<\/p>\n<\/div>\n                <\/section>\n\n<section class=\"container-fluid bg-white px-0 pt-5 pt-md-5\">\n                    <div class=\"container px-3\">\n<p>So ist Bamberg f\u00fcr die kommenden Hochzeitssaisons bestens gewappnet!<\/p>\n<\/div>\n                <\/section>\n\n<section class=\"container-fluid bg-white px-0 pt-5 pt-md-5\">\n                    <div class=\"container px-3\">\n<p>Mehr Infos unter: <a href=\"http:\/\/www.traukalender.bamberg.de\">www.traukalender.bamberg.de<\/a> &nbsp;&nbsp;<\/p>\n<\/div>\n                <\/section>","protected":false},"excerpt":{"rendered":"<p>Mit dem Online-Traukalender lassen sich unkompliziert Termine f\u00fcr die Eheschlie\u00dfung finden<\/p>\n","protected":false},"author":1,"featured_media":1907,"comment_status":"open","ping_status":"open","sticky":false,"template":"","format":"standard","meta":{"_acf_changed":false,"footnotes":""},"categories":[121],"class_list":["post-5556","post","type-post","status-publish","format-standard","has-post-thumbnail","hentry","category-programm-smart-city-2"],"acf":[],"_links":{"self":[{"href":"https:\/\/smartcity.bamberg.de\/les\/wp-json\/wp\/v2\/posts\/5556","targetHints":{"allow":["GET"]}}],"collection":[{"href":"https:\/\/smartcity.bamberg.de\/les\/wp-json\/wp\/v2\/posts"}],"about":[{"href":"https:\/\/smartcity.bamberg.de\/les\/wp-json\/wp\/v2\/types\/post"}],"author":[{"embeddable":true,"href":"https:\/\/smartcity.bamberg.de\/les\/wp-json\/wp\/v2\/users\/1"}],"replies":[{"embeddable":true,"href":"https:\/\/smartcity.bamberg.de\/les\/wp-json\/wp\/v2\/comments?post=5556"}],"version-history":[{"count":2,"href":"https:\/\/smartcity.bamberg.de\/les\/wp-json\/wp\/v2\/posts\/5556\/revisions"}],"predecessor-version":[{"id":6855,"href":"https:\/\/smartcity.bamberg.de\/les\/wp-json\/wp\/v2\/posts\/5556\/revisions\/6855"}],"wp:featuredmedia":[{"embeddable":true,"href":"https:\/\/smartcity.bamberg.de\/les\/wp-json\/wp\/v2\/media\/1907"}],"wp:attachment":[{"href":"https:\/\/smartcity.bamberg.de\/les\/wp-json\/wp\/v2\/media?parent=5556"}],"wp:term":[{"taxonomy":"category","embeddable":true,"href":"https:\/\/smartcity.bamberg.de\/les\/wp-json\/wp\/v2\/categories?post=5556"}],"curies":[{"name":"wp","href":"https:\/\/api.w.org\/{rel}","templated":true}]}}