{"id":5607,"date":"2024-09-30T13:35:18","date_gmt":"2024-09-30T11:35:18","guid":{"rendered":"https:\/\/smartcity.bamberg.de\/neuigkeiten\/der-stadtraum-oeffnet-seine-tueren\/"},"modified":"2026-01-27T14:33:53","modified_gmt":"2026-01-27T13:33:53","slug":"der-stadtraum-oeffnet-seine-tueren","status":"publish","type":"post","link":"https:\/\/smartcity.bamberg.de\/les\/der-stadtraum-oeffnet-seine-tueren\/","title":{"rendered":"Der Stadt:Raum \u00f6ffnet seine T\u00fcren"},"content":{"rendered":"<section class=\"container-fluid bg-white px-0 pt-5 pt-md-5\">\n                    <div class=\"container px-3\">\n<p><\/p>\n<\/div>\n                <\/section>\n\n<section class=\"container-fluid bg-white px-0 pt-5 pt-md-5\">\n                    <div class=\"container px-3\">\n<p>Bereits seit ein paar Monaten k\u00f6nnen aufmerksame Bambergerinnen und Bamberger im ehemaligen Service-Geb\u00e4ude der Stadtwerke direkt am ZOB ein paar Ver\u00e4nderungen beobachten. Nach Renovierungsarbeiten im Inneren haben auch die Schaufenster des Geb\u00e4udes der Promenadestr. 6a einen neuen Anstrich bekommen und sind nun bunt gestaltet.<\/p>\n<\/div>\n                <\/section>\n\n\n<!--more-->\n\n\n<section class=\"container-fluid bg-white px-0 pt-5 pt-md-5\">\n                    <div class=\"container px-3\">\n<p>Im Rahmen einer B\u00fcrger:innenbeteiligung wurde auch ein Name f\u00fcr diesen neuen Ort direkt im Bamberger Stadtzentrum gesucht. Die Wahl fiel auf: <em>Stadt:Raum<\/em>.<\/p>\n<\/div>\n                <\/section>\n\n<section class=\"container-fluid bg-white px-0 pt-5 pt-md-5\">\n                    <div class=\"container px-3\">\n<p>Seit Anfang September steht der Stadt:Raum nun auch <strong>jeden Dienstag und Mittwoch, jeweils von 13 bis 17 Uhr<\/strong>, f\u00fcr allen offen, die sich f\u00fcr Bambergs Digitalisierung interessieren. Hier kann man sich \u00fcber Smart City Bamberg informieren, sich am digitalen Touch-Tisch durch die Projekte klicken oder in der Leseecke in den neuesten Zeitschriften und B\u00fcchern zum Thema Smart City schm\u00f6kern.<\/p>\n<\/div>\n                <\/section>\n\n<section class=\"container-fluid bg-white px-0 pt-5 pt-md-5\">\n                    <div class=\"container px-3\">\n<p>Zus\u00e4tzlich wird der Raum auch f\u00fcr Workshops, Veranstaltungen und vieles mehr genutzt. Vom 1. bis 22. Oktober ist hier zum Beispiel die Ausstellung \u201e100% Zukunftsenergie\u201c zu sehen, die gemeinsam vom Bamberger Klimaschutzb\u00fcndnis und dem Projekt MitMachKlima der Stadt Bamberg organisiert wird.<\/p>\n<\/div>\n                <\/section>\n\n<section class=\"container-fluid bg-white px-0 pt-5 pt-md-5\">\n                    <div class=\"container px-3\">\n<p>Wer Tickets f\u00fcr den \u00f6ffentlichen Nahverkehr kaufen will, findet diese zwar nicht mehr in der Promenadestr. 6a, aber direkt in der N\u00e4he: In der Mitte der Bus-Insel am ZOB befindet sich das Service-Zentrum der Stadtwerke, welches in regelm\u00e4\u00dfigen \u00d6ffnungszeiten bei der Beantwortung aller Fragen rund um \u00d6PNV in Bamberg helfen kann.<\/p>\n<\/div>\n                <\/section>\n\n\n<figure class=\"wp-block-gallery has-nested-images columns-default is-cropped wp-block-gallery-1 is-layout-flex wp-block-gallery-is-layout-flex\">\n<figure class=\"wp-block-image size-large\"><img decoding=\"async\" data-id=\"2823\" src=\"https:\/\/smartcity.bamberg.de\/wp-content\/uploads\/2024\/09\/Leseecke-mit-Sitzmoebel-scaled.jpg\" alt=\"\" class=\"wp-image-2823\"\/><\/figure>\n\n\n\n<figure class=\"wp-block-image size-large\"><img decoding=\"async\" data-id=\"2822\" src=\"https:\/\/smartcity.bamberg.de\/wp-content\/uploads\/2024\/09\/Aussenansicht-1-scaled.jpg\" alt=\"\" class=\"wp-image-2822\"\/><\/figure>\n<\/figure>\n","protected":false},"excerpt":{"rendered":"<p>Ein Ort, um sich zu Smart City Bamberg zu informieren<\/p>\n","protected":false},"author":1,"featured_media":2132,"comment_status":"open","ping_status":"open","sticky":false,"template":"","format":"standard","meta":{"_acf_changed":false,"footnotes":""},"categories":[121,150],"class_list":["post-5607","post","type-post","status-publish","format-standard","has-post-thumbnail","hentry","category-programm-smart-city-2","category-veranstaltungen"],"acf":[],"_links":{"self":[{"href":"https:\/\/smartcity.bamberg.de\/les\/wp-json\/wp\/v2\/posts\/5607","targetHints":{"allow":["GET"]}}],"collection":[{"href":"https:\/\/smartcity.bamberg.de\/les\/wp-json\/wp\/v2\/posts"}],"about":[{"href":"https:\/\/smartcity.bamberg.de\/les\/wp-json\/wp\/v2\/types\/post"}],"author":[{"embeddable":true,"href":"https:\/\/smartcity.bamberg.de\/les\/wp-json\/wp\/v2\/users\/1"}],"replies":[{"embeddable":true,"href":"https:\/\/smartcity.bamberg.de\/les\/wp-json\/wp\/v2\/comments?post=5607"}],"version-history":[{"count":2,"href":"https:\/\/smartcity.bamberg.de\/les\/wp-json\/wp\/v2\/posts\/5607\/revisions"}],"predecessor-version":[{"id":6746,"href":"https:\/\/smartcity.bamberg.de\/les\/wp-json\/wp\/v2\/posts\/5607\/revisions\/6746"}],"wp:featuredmedia":[{"embeddable":true,"href":"https:\/\/smartcity.bamberg.de\/les\/wp-json\/wp\/v2\/media\/2132"}],"wp:attachment":[{"href":"https:\/\/smartcity.bamberg.de\/les\/wp-json\/wp\/v2\/media?parent=5607"}],"wp:term":[{"taxonomy":"category","embeddable":true,"href":"https:\/\/smartcity.bamberg.de\/les\/wp-json\/wp\/v2\/categories?post=5607"}],"curies":[{"name":"wp","href":"https:\/\/api.w.org\/{rel}","templated":true}]}}