{"id":5616,"date":"2024-10-16T13:03:52","date_gmt":"2024-10-16T11:03:52","guid":{"rendered":"https:\/\/smartcity.bamberg.de\/neuigkeiten\/lies-dich-smart\/"},"modified":"2026-01-28T15:04:45","modified_gmt":"2026-01-28T14:04:45","slug":"lies-dich-smart","status":"publish","type":"post","link":"https:\/\/smartcity.bamberg.de\/les\/lies-dich-smart\/","title":{"rendered":"Lies dich smart!"},"content":{"rendered":"<section class=\"container-fluid bg-white px-0 pt-5 pt-md-5\">\n                    <div class=\"container px-3\">\n<p>Das Programm Smart City Bamberg setzt sich f\u00fcr die F\u00f6rderung von Wissen und Bildung in Zeiten der Digitalisierung ein. In diesem Rahmen hat Smart City Bamberg der Bamberger Stadtb\u00fccherei eine Auswahl an Fachb\u00fcchern, Romanen und Kinderb\u00fcchern zum Thema K\u00fcnstliche Intelligenz (KI) und Digitalisierung gespendet. Diese B\u00fccher sind nun in einem eigens eingerichteten Digitalisierungs-B\u00fccherregal in der Stadtb\u00fccherei zu finden.<\/p>\n<\/div>\n                <\/section>\n\n\n<!--more-->\n\n\n<section class=\"container-fluid bg-white px-0 pt-5 pt-md-5\">\n                    <div class=\"container px-3\">\n<p>\u201eWir freuen uns, mit dieser Spende einen Beitrag zur Wissensvermittlung \u00fcber zukunftsweisende Technologien zu leisten\u201c, so Dr. Stefan Goller, Referent f\u00fcr Wirtschaft und Digitalisierung in Bamberg. \u201eK\u00fcnstliche Intelligenz und die Digitalisierung betreffen alle Bereiche unseres Lebens und sind entscheidend f\u00fcr die Entwicklung unserer Stadt. Es ist wichtig, dass die B\u00fcrgerinnen und B\u00fcrger Zugang zu Informationen haben, um sich mit diesen Themen auseinanderzusetzen und auch spielerisch dazu zu lernen.\u201c<\/p>\n<\/div>\n                <\/section>\n\n<section class=\"container-fluid bg-white px-0 pt-5 pt-md-5\">\n                    <div class=\"container px-3\">\n<p>Das neue B\u00fccherregal umfasst eine Vielzahl von Titeln, die sowohl f\u00fcr das Einstiegs- als auch das Expertenniveau geeignet sind. Auch Kinder k\u00f6nnen hier ihr erstes Wissen zu dem Thema sammeln. Von Grundlagen der KI \u00fcber Romane bis hin zu praktischen Anwendungen und B\u00fcchern \u00fcber die smarte Stadt von morgen \u2013 die Spende bietet eine wertvolle Ressource f\u00fcr alle Interessierten und Leseverr\u00fcckten. Initiiert wurde die Aktion von Smart City Bambergs Datenarchitekt Franz Sch\u00e4fer, der sich f\u00fcr die Wissensweitergabe zum Thema Digitalisierung und Smart City einsetzen wollte. Gemeinsam mit dem Team erstellte er eine Liste verschiedenster Autoren und Autorinnen, um ein breites Spektrum an Lesematerial an die B\u00fccherei \u00fcbergeben zu k\u00f6nnen. So sind nun 134 neue B\u00fccher nicht nur in der Stadtb\u00fccherei im Deutschen Haus zu finden, sondern auch in den verschiedenen Zweigstellen. Dort ist das Repertoire auf das Zielpublikum der Bibliotheken abgestimmt.<\/p>\n<\/div>\n                <\/section>\n\n<section class=\"container-fluid bg-white px-0 pt-5 pt-md-5\">\n                    <div class=\"container px-3\">\n<p>Die Bamberger Stadtb\u00fccherei l\u00e4dt alle B\u00fcrgerinnen und B\u00fcrger ein, das neue Regal zu besuchen und sich \u00fcber die neuesten Trends und Entwicklungen im Bereich der Digitalisierung zu informieren. \u201eWir sind sehr dankbar f\u00fcr diese gro\u00dfz\u00fcgige Spende\u201c, erkl\u00e4rt Christiane Wei\u00df, Leiterin der Stadtb\u00fccherei. \u201eSie erweitert unser Angebot und unterst\u00fctzt unsere Mission, eine Plattform f\u00fcr Lernen und Diskussion zu schaffen.\u201c<\/p>\n<\/div>\n                <\/section>\n\n<section class=\"container-fluid bg-white px-0 pt-5 pt-md-5\">\n                    <div class=\"container px-3\">\n<p>Die digitale Transformation erfordert ein gemeinsames Handeln von Stadtverwaltung, Institutionen und B\u00fcrgerinnen und B\u00fcrgern. Smart City Bamberg und die Bamberger Stadtb\u00fccherei setzen sich gemeinsam daf\u00fcr ein, die Stadt zu einem Vorreiter in der digitalen Bildung zu machen.<\/p>\n<\/div>\n                <\/section>\n\n\n<figure class=\"wp-block-gallery has-nested-images columns-default is-cropped wp-block-gallery-1 is-layout-flex wp-block-gallery-is-layout-flex\">\n<figure class=\"wp-block-image size-large\"><img decoding=\"async\" data-id=\"2848\" src=\"https:\/\/smartcity.bamberg.de\/wp-content\/uploads\/2024\/10\/Smart-City-Buecherregal-1-scaled.jpg\" alt=\"\" class=\"wp-image-2848\"\/><figcaption>Alle B\u00fccher zum Thema &#8220;Digital leben&#8221;<br>Bild: Nadine Gumpert, Stadtarchiv Bamberg<\/figcaption><\/figure>\n\n\n\n<figure class=\"wp-block-image size-large\"><img decoding=\"async\" data-id=\"2849\" src=\"https:\/\/smartcity.bamberg.de\/wp-content\/uploads\/2024\/10\/Smart-City-Buecherregal-6-scaled.jpg\" alt=\"\" class=\"wp-image-2849\"\/><figcaption>Stolz auf das neue B\u00fccherregal (v.l.n.r.): Sascha G\u00f6tz (Programmleiter Smart City Bamberg), Dr. Stefan Goller (Referent f\u00fcr Wirtschaft und Digitalisierung), Christiane Wei\u00df (Leiterin Stadtb\u00fccherei Bamberg) und Franz Sch\u00e4fer (lesebegeisterter Datenarchitekt bei Smart City Bamberg).  <br>Bild: Nadine Gumpert, Stadtarchiv Bamberg<\/figcaption><\/figure>\n<\/figure>\n","protected":false},"excerpt":{"rendered":"<p>Smart City spendet der Stadtb\u00fccherei Fachb\u00fccher, Romane und Kinderb\u00fccher zum Thema K\u00fcnstliche Intelligenz und Digitalisierung<\/p>\n","protected":false},"author":1,"featured_media":2143,"comment_status":"open","ping_status":"open","sticky":false,"template":"","format":"standard","meta":{"_acf_changed":false,"footnotes":""},"categories":[151],"class_list":["post-5616","post","type-post","status-publish","format-standard","has-post-thumbnail","hentry","category-digitale-kompetenzen"],"acf":[],"_links":{"self":[{"href":"https:\/\/smartcity.bamberg.de\/les\/wp-json\/wp\/v2\/posts\/5616","targetHints":{"allow":["GET"]}}],"collection":[{"href":"https:\/\/smartcity.bamberg.de\/les\/wp-json\/wp\/v2\/posts"}],"about":[{"href":"https:\/\/smartcity.bamberg.de\/les\/wp-json\/wp\/v2\/types\/post"}],"author":[{"embeddable":true,"href":"https:\/\/smartcity.bamberg.de\/les\/wp-json\/wp\/v2\/users\/1"}],"replies":[{"embeddable":true,"href":"https:\/\/smartcity.bamberg.de\/les\/wp-json\/wp\/v2\/comments?post=5616"}],"version-history":[{"count":2,"href":"https:\/\/smartcity.bamberg.de\/les\/wp-json\/wp\/v2\/posts\/5616\/revisions"}],"predecessor-version":[{"id":6838,"href":"https:\/\/smartcity.bamberg.de\/les\/wp-json\/wp\/v2\/posts\/5616\/revisions\/6838"}],"wp:featuredmedia":[{"embeddable":true,"href":"https:\/\/smartcity.bamberg.de\/les\/wp-json\/wp\/v2\/media\/2143"}],"wp:attachment":[{"href":"https:\/\/smartcity.bamberg.de\/les\/wp-json\/wp\/v2\/media?parent=5616"}],"wp:term":[{"taxonomy":"category","embeddable":true,"href":"https:\/\/smartcity.bamberg.de\/les\/wp-json\/wp\/v2\/categories?post=5616"}],"curies":[{"name":"wp","href":"https:\/\/api.w.org\/{rel}","templated":true}]}}