{"id":5640,"date":"2025-02-04T16:18:00","date_gmt":"2025-02-04T15:18:00","guid":{"rendered":"https:\/\/smartcity.bamberg.de\/neuigkeiten\/civitas-core-trifft-sich-in-bamberg\/"},"modified":"2026-03-23T14:01:11","modified_gmt":"2026-03-23T13:01:11","slug":"civitas-core-trifft-sich-in-bamberg","status":"publish","type":"post","link":"https:\/\/smartcity.bamberg.de\/les\/civitas-core-trifft-sich-in-bamberg\/","title":{"rendered":"CIVITAS\/CORE trifft sich in Bamberg"},"content":{"rendered":"<section class=\"container-fluid bg-white px-0 pt-5 pt-md-5\">\n                    <div class=\"container px-3\">\n<p>Im letzten Jahr hat Bamberg im Projekt Datenplattform einen gro\u00dfen Schritt nach vorne gemacht. Denn als Grundlage f\u00fcr das Projekt wird nat\u00fcrlich eine Software gebraucht, die so viele Bamberger Daten wie m\u00f6glich beheimaten, speichern und miteinander verbinden kann. Dabei stellte sich schnell heraus: Alleine als Kommune eine solche m\u00e4chtige Plattform zu entwickeln ist sehr aufw\u00e4ndig und ergibt wenig Sinn. <\/p>\n<\/div>\n                <\/section>\n\n<section class=\"container-fluid bg-white px-0 pt-5 pt-md-5\">\n                    <div class=\"container px-3\">\n<p>Deshalb hat sich Bamberg nach bestehenden L\u00f6sungen und Kooperationen umgesehen und da viel auf: Der Verein Civitas Connect e.V. bietet eine ideale L\u00f6sung! Hier wurde bereits eine Version 1.0 einer urbanen Datenplattform gebaut und eine Version 2.0 soll in Kooperation mit verschiedenen Kommunen entstehen. Deshalb trat Bamberg im Herbst 2024 Civitas Connect e.V. bei und wurde auch direkt Mitglied von CIVITAS\/CORE, einer Kerngruppe innerhalb des Vereines, die besonders eng in die Entwicklung der Datenplattformsl\u00f6sung eingebunden wird.<\/p>\n<\/div>\n                <\/section>\n\n\n<!--more-->\n\n\n\n<figure class=\"wp-block-gallery has-nested-images columns-default is-cropped wp-block-gallery-1 is-layout-flex wp-block-gallery-is-layout-flex\">\n<figure class=\"wp-block-image size-large\"><img decoding=\"async\" data-id=\"3047\" src=\"https:\/\/smartcity.bamberg.de\/wp-content\/uploads\/2025\/02\/20250204-CiviCore-Treffen-Workshoptag-auf-Lagarde-10-2-scaled.jpg\" alt=\"\" class=\"wp-image-3047\"\/><figcaption class=\"wp-element-caption\">Die CIVITAS\/CORE Community<\/figcaption><\/figure>\n<\/figure>\n\n\n<section class=\"container-fluid bg-white px-0 pt-5 pt-md-5\">\n                    <div class=\"container px-3\">\n<p>Zum dritten Mal haben sich Vertreter:innen der 12 CIVITAS\/CORE-Kommunen jetzt getroffen &#8211; dieses Mal bei uns in Bamberg!<\/p>\n<\/div>\n                <\/section>\n\n<section class=\"container-fluid bg-white px-0 pt-5 pt-md-5\">\n                    <div class=\"container px-3\">\n<p>Vor Ort wurden aktuelle Themen besprochen und sich ausgetauscht. So wurde die Ausschreibung f\u00fcr die Programmierung der Version 2.0 finalisiert, einzelne Teilaufgaben wurden an die Mitgliederkommunen verteilt, Bed\u00fcrfnisse und Probleme geteilt und L\u00f6sungen entwickelt. Die tollen R\u00e4ume von Lagarde1 boten daf\u00fcr genau den richtigen Rahmen!<\/p>\n<\/div>\n                <\/section>\n\n\n<figure class=\"wp-block-gallery has-nested-images columns-default is-cropped wp-block-gallery-2 is-layout-flex wp-block-gallery-is-layout-flex\">\n<figure class=\"wp-block-image size-large\"><img decoding=\"async\" data-id=\"3048\" src=\"https:\/\/smartcity.bamberg.de\/wp-content\/uploads\/2025\/02\/20250204-CiviCore-Treffen-Workshoptag-auf-Lagarde-17-scaled.jpg\" alt=\"\" class=\"wp-image-3048\"\/><figcaption class=\"wp-element-caption\">An der Wand wird angepinnt&#8230;<\/figcaption><\/figure>\n\n\n\n<figure class=\"wp-block-image size-large\"><img decoding=\"async\" data-id=\"3042\" src=\"https:\/\/smartcity.bamberg.de\/wp-content\/uploads\/2025\/02\/20250204-CiviCore-Treffen-Workshoptag-auf-Lagarde-27-scaled.jpg\" alt=\"\" class=\"wp-image-3042\"\/><figcaption class=\"wp-element-caption\">&#8230; und bewertet.<\/figcaption><\/figure>\n\n\n\n<figure class=\"wp-block-image size-large\"><img decoding=\"async\" data-id=\"3044\" src=\"https:\/\/smartcity.bamberg.de\/wp-content\/uploads\/2025\/02\/20250204-CiviCore-Treffen-Workshoptag-auf-Lagarde-2-scaled.jpg\" alt=\"\" class=\"wp-image-3044\"\/><figcaption class=\"wp-element-caption\">Im Plenum werden L\u00f6sungen diskutiert.<\/figcaption><\/figure>\n<\/figure>\n\n\n<section class=\"container-fluid bg-white px-0 pt-5 pt-md-5\">\n                    <div class=\"container px-3\">\n<p>Daneben war nat\u00fcrlich auch der pers\u00f6nliche Austausch wichtig und bei einem guten Bamberger Bier gab es gute Gelegenheiten daf\u00fcr.<\/p>\n<\/div>\n                <\/section>\n\n<section class=\"container-fluid bg-white px-0 pt-5 pt-md-5\">\n                    <div class=\"container px-3\">\n<p><\/p>\n<\/div>\n                <\/section>\n\n<section class=\"container-fluid bg-white px-0 pt-5 pt-md-5\">\n                    <div class=\"container px-3\">\n<p>Mehr \u00fcber Civitas Connect und die CIVITAS\/CORE-Community erfahrt ihr <a href=\"https:\/\/www.civitasconnect.digital\/civitas-core\/\">hier<\/a>.<\/p>\n<\/div>\n                <\/section>\n\n\n<figure class=\"wp-block-gallery has-nested-images columns-default is-cropped wp-block-gallery-3 is-layout-flex wp-block-gallery-is-layout-flex\"><\/figure>\n","protected":false},"excerpt":{"rendered":"<p>Unsere Datenplattform wird im Rahmen des Vereins Civitas Core e.V. entwickelt<\/p>\n","protected":false},"author":1,"featured_media":2200,"comment_status":"open","ping_status":"open","sticky":false,"template":"","format":"standard","meta":{"_acf_changed":false,"footnotes":""},"categories":[147],"class_list":["post-5640","post","type-post","status-publish","format-standard","has-post-thumbnail","hentry","category-datenplattform"],"acf":[],"_links":{"self":[{"href":"https:\/\/smartcity.bamberg.de\/les\/wp-json\/wp\/v2\/posts\/5640","targetHints":{"allow":["GET"]}}],"collection":[{"href":"https:\/\/smartcity.bamberg.de\/les\/wp-json\/wp\/v2\/posts"}],"about":[{"href":"https:\/\/smartcity.bamberg.de\/les\/wp-json\/wp\/v2\/types\/post"}],"author":[{"embeddable":true,"href":"https:\/\/smartcity.bamberg.de\/les\/wp-json\/wp\/v2\/users\/1"}],"replies":[{"embeddable":true,"href":"https:\/\/smartcity.bamberg.de\/les\/wp-json\/wp\/v2\/comments?post=5640"}],"version-history":[{"count":3,"href":"https:\/\/smartcity.bamberg.de\/les\/wp-json\/wp\/v2\/posts\/5640\/revisions"}],"predecessor-version":[{"id":7156,"href":"https:\/\/smartcity.bamberg.de\/les\/wp-json\/wp\/v2\/posts\/5640\/revisions\/7156"}],"wp:featuredmedia":[{"embeddable":true,"href":"https:\/\/smartcity.bamberg.de\/les\/wp-json\/wp\/v2\/media\/2200"}],"wp:attachment":[{"href":"https:\/\/smartcity.bamberg.de\/les\/wp-json\/wp\/v2\/media?parent=5640"}],"wp:term":[{"taxonomy":"category","embeddable":true,"href":"https:\/\/smartcity.bamberg.de\/les\/wp-json\/wp\/v2\/categories?post=5640"}],"curies":[{"name":"wp","href":"https:\/\/api.w.org\/{rel}","templated":true}]}}