{"id":5704,"date":"2025-09-02T09:50:54","date_gmt":"2025-09-02T07:50:54","guid":{"rendered":"https:\/\/smartcity.bamberg.de\/neuigkeiten\/digitale-beratungstheke-am-zob-sucht-ehrenamtliche-beraterinnen\/"},"modified":"2026-01-27T15:05:58","modified_gmt":"2026-01-27T14:05:58","slug":"digitale-beratungstheke-am-zob-sucht-ehrenamtliche-beraterinnen","status":"publish","type":"post","link":"https:\/\/smartcity.bamberg.de\/les\/digitale-beratungstheke-am-zob-sucht-ehrenamtliche-beraterinnen\/","title":{"rendered":"Digitale Beratungstheke am ZOB sucht ehrenamtliche Berater:innen!"},"content":{"rendered":"<section class=\"container-fluid bg-white px-0 pt-5 pt-md-5\">\n                    <div class=\"container px-3\">\n<p><strong>Seit M\u00e4rz 2025 haben \u00fcber 80 Beratungsgespr\u00e4che zum Umgang mit Handy, Laptop oder anderen digitalen Anwendungen stattgefunden. Die Nachfrage ist da \u2013 nun sucht die Initiative \u201ezusammen digital\u201c nach weiteren ehrenamtlichen Helferinnen und Helfern.<\/strong><\/p>\n<\/div>\n                <\/section>\n\n\n<!--more-->\n\n\n<section class=\"container-fluid bg-white px-0 pt-5 pt-md-5\">\n                    <div class=\"container px-3\">\n<p>Bei der Digitalen Beratungstheke finden Menschen kostenlos und unkompliziert Unterst\u00fctzung bei Fragen zur Bedienung digitaler Ger\u00e4te. Die Beratungstheke ist immer dienstags und mittwochs zwischen 14 und 17 Uhr im Stadt:Raum (Promenadestra\u00dfe 6a, 96047 Bamberg) ge\u00f6ffnet. Eine Anmeldung ist nicht erforderlich. Besonders zu Beginn der \u00d6ffnungszeiten ist der Andrang oft gro\u00df \u2013 wer Wartezeiten vermeiden m\u00f6chte, sollte besser gegen Mitte oder Ende der Sprechstunde vorbeischauen.<\/p>\n<\/div>\n                <\/section>\n\n<section class=\"container-fluid bg-white px-0 pt-5 pt-md-5\">\n                    <div class=\"container px-3\">\n<p>Gef\u00f6rdert wird die Beratungstheke im Rahmen der Initiative <em>zusammen digital<\/em> vom Bayerischen Staatsministerium f\u00fcr Digitales. Koordiniert wird sie vom Amt f\u00fcr Inklusion und dem Programm Smart City der Stadt Bamberg, setzt dabei aber auf die Unterst\u00fctzung durch Ehrenamtliche.<\/p>\n<\/div>\n                <\/section>\n\n<section class=\"container-fluid bg-white p-0 pt-5 pt-md-5\">\n                    <div class=\"container p-5 p-3 pb-0\">\n<h6 class=\"wp-block-heading\" class=\"mb-0\">Ehrenamtliche als Herz der Beratung<\/h6>\n<\/div>\n                <\/section>\n\n<section class=\"container-fluid bg-white px-0 pt-5 pt-md-5\">\n                    <div class=\"container px-3\">\n<p>\u201eUnsere Ehrenamtlichen sind das Herzst\u00fcck von <em>zusammen digital<\/em>. Sie bringen ihre Erfahrung und ihr Wissen ein und gestalten das Projekt aktiv mit\u201c, erkl\u00e4rt Stefanie Hahn, Seniorenbeauftragte des Amts f\u00fcr Inklusion, \u201eWer Freude am Umgang mit Menschen und digitalen Ger\u00e4ten hat, ist bei uns herzlich willkommen.\u201c<\/p>\n<\/div>\n                <\/section>\n\n<section class=\"container-fluid bg-white px-0 pt-5 pt-md-5\">\n                    <div class=\"container px-3\">\n<p>Das Projekt erfreut sich bislang gro\u00dfer Beliebtheit: In nur wenigen Monaten wurden \u00fcber 80 Beratungen durchgef\u00fchrt. Viele Besucher:innen kommen regelm\u00e4\u00dfig wieder \u2013 ein Zeichen f\u00fcr die hohe Qualit\u00e4t und den Nutzen des Angebots. Doch damit <em>zusammen digital<\/em> so erfolgreich bleiben kann, ben\u00f6tigt das Projekt neue Mitstreiter:innen. Einige Ehrenamtliche verlassen Bamberg, sodass nun neue engagierte Berater:innen gesucht werden.<\/p>\n<\/div>\n                <\/section>\n\n<section class=\"container-fluid bg-white p-0 pt-5 pt-md-5\">\n                    <div class=\"container p-5 p-3 pb-0\">\n<h6 class=\"wp-block-heading\" class=\"mb-0\">Mitmachen und Mitwirken<\/h6>\n<\/div>\n                <\/section>\n\n<section class=\"container-fluid bg-white px-0 pt-5 pt-md-5\">\n                    <div class=\"container px-3\">\n<p>Um anderen bei ihren Fragen zum Umgang mit digitalen Ger\u00e4ten helfen zu m\u00fcssen, muss man kein Experte sein. Ein solides Wissen zu g\u00e4ngigen Anwendungen und Funktionen gen\u00fcgt. Auch muss niemand eine komplette Beratungstheke alleine stemmen. Bereits <strong>zwei bis drei Stunden pro Woche<\/strong> reichen aus, um beispielsweise eine halbe Beratungsschicht zu \u00fcbernehmen. Neben der M\u00f6glichkeit, anderen ganz konkret im Alltag zu helfen, haben Ehrenamtliche die Chance, die Weiterentwicklung des Projekts selbst mitzugestalten.<\/p>\n<\/div>\n                <\/section>\n\n<section class=\"container-fluid bg-white px-0 pt-5 pt-md-5\">\n                    <div class=\"container px-3\">\n<p><strong>Wer Lust hat, Teil des Beratungsteams hinter <em>zusammen digital<\/em> zu werden, kann sich bei der Koordinatorin Simal Sarilar melden: simal.sarilar@stadt.bamberg.de<\/strong><\/p>\n<\/div>\n                <\/section>\n\n<section class=\"container-fluid bg-white px-0 pt-5 pt-md-5\">\n                    <div class=\"container px-3\">\n<p><\/p>\n<\/div>\n                <\/section>","protected":false},"excerpt":{"rendered":"<p>Hilf anderen im Umgang mit Handy, Laptop &#038; Co<\/p>\n","protected":false},"author":1,"featured_media":4624,"comment_status":"open","ping_status":"open","sticky":false,"template":"","format":"standard","meta":{"_acf_changed":false,"footnotes":""},"categories":[151],"class_list":["post-5704","post","type-post","status-publish","format-standard","has-post-thumbnail","hentry","category-digitale-kompetenzen"],"acf":[],"_links":{"self":[{"href":"https:\/\/smartcity.bamberg.de\/les\/wp-json\/wp\/v2\/posts\/5704","targetHints":{"allow":["GET"]}}],"collection":[{"href":"https:\/\/smartcity.bamberg.de\/les\/wp-json\/wp\/v2\/posts"}],"about":[{"href":"https:\/\/smartcity.bamberg.de\/les\/wp-json\/wp\/v2\/types\/post"}],"author":[{"embeddable":true,"href":"https:\/\/smartcity.bamberg.de\/les\/wp-json\/wp\/v2\/users\/1"}],"replies":[{"embeddable":true,"href":"https:\/\/smartcity.bamberg.de\/les\/wp-json\/wp\/v2\/comments?post=5704"}],"version-history":[{"count":2,"href":"https:\/\/smartcity.bamberg.de\/les\/wp-json\/wp\/v2\/posts\/5704\/revisions"}],"predecessor-version":[{"id":6785,"href":"https:\/\/smartcity.bamberg.de\/les\/wp-json\/wp\/v2\/posts\/5704\/revisions\/6785"}],"wp:featuredmedia":[{"embeddable":true,"href":"https:\/\/smartcity.bamberg.de\/les\/wp-json\/wp\/v2\/media\/4624"}],"wp:attachment":[{"href":"https:\/\/smartcity.bamberg.de\/les\/wp-json\/wp\/v2\/media?parent=5704"}],"wp:term":[{"taxonomy":"category","embeddable":true,"href":"https:\/\/smartcity.bamberg.de\/les\/wp-json\/wp\/v2\/categories?post=5704"}],"curies":[{"name":"wp","href":"https:\/\/api.w.org\/{rel}","templated":true}]}}