{"id":5977,"date":"2025-09-29T12:00:00","date_gmt":"2025-09-29T10:00:00","guid":{"rendered":"https:\/\/smartcity.bamberg.de\/?p=5977"},"modified":"2026-01-28T14:14:37","modified_gmt":"2026-01-28T13:14:37","slug":"smart-talks-im-wintersemester-2025-26","status":"publish","type":"post","link":"https:\/\/smartcity.bamberg.de\/les\/smart-talks-im-wintersemester-2025-26\/","title":{"rendered":"Smart Talks im Wintersemester 2025\/26"},"content":{"rendered":"<section class=\"container-fluid bg-white px-0 pt-5 pt-md-5\">\n                    <div class=\"container px-3\">\n<p>Seit acht Semestern schon veranstaltet Smart City Bamberg zusammen mit der VHS Bamberg Stadt die Smart Talks. Bei einer Podiumsdiskussion mit Expertinnen und Experten werden komplexe Themen rund um Digitalisierung praxisnah beleuchtet und f\u00fcr alle verst\u00e4ndlich gemacht. In unserer Smart Talk Reihe im Wintersemester 2025\/26 dreht sich alles um den Einsatz von Digitalisierung im Gesundheitswesen und der Pflege. <\/p>\n<\/div>\n                <\/section>\n\n\n<!--more-->\n\n\n<section class=\"container-fluid bg-white p-0 pt-5 pt-md-5 wp-elements-688ddc14181e1b40e1b16e716a6749dd\">\n                    <div class=\"container p-5 p-3 pb-0\">\n<h6 class=\"wp-block-heading has-white-color has-text-color has-background has-link-color\" style=\"background:linear-gradient(135deg,rgb(137,37,116) 0%,rgb(44,99,174) 100%)\" class=\"mb-0\">Oktober 2025<\/h6>\n<\/div>\n                <\/section>\n\n<section class=\"container-fluid bg-white px-0 pt-5 pt-md-5\">\n                    <div class=\"container px-3\">\n<p><strong>Volkskrankheit Demenz &#8211; wie Digitalisierung Betroffenen helfen kann<\/strong><\/p>\n<\/div>\n                <\/section>\n\n<section class=\"container-fluid bg-white px-0 pt-5 pt-md-5\">\n                    <div class=\"container px-3\">\n<p>Demenzerkrankungen betreffen immer gr\u00f6\u00dfere Teile der Gesellschaft: j\u00e4hrlich erkranken in Deutschland etwa 300.000 Menschen an Demenz und es sind insgesamt derzeit rund 1,84 Millionen Menschen, die hierzulande mit einer Demenzerkrankung leben. Bei unserem Smart Talk am 23. Oktober 2025 wollen wir uns mit diesem brisanten Thema besch\u00e4ftigen und herausfinden, wie Digitalisierung bei der Pflege und Unterst\u00fctzung der an Demenz erkrankten Menschen helfen kann. Im Gespr\u00e4ch mit unseren Podiumsg\u00e4sten werden wir zun\u00e4chst mehr \u00fcber die Krankheit erfahren und auch dar\u00fcber, was sie f\u00fcr die Betroffenen, Erkrankte, Angeh\u00f6rige und Pflegekr\u00e4fte, bedeutet. Au\u00dferdem wird ein Konzept vorgestellt, das Menschen mit Demenz mehr Bewegungsfreiheit erm\u00f6glichen und gleichzeitig ihre Sicherheit gew\u00e4hrleisten soll. Das Konzept baut auf den Einsatz von Ehrenamtlichen, die dabei helfen, nach Personen, die aufgrund ihrer Erkrankung die Orientierung verloren haben, zu suchen. Wir freuen uns auf Ihr Kommen und den Austausch im Anschluss an die Podiumsdiskussion!<\/p>\n<\/div>\n                <\/section>\n\n<section class=\"container-fluid bg-white px-0 pt-5 pt-md-5\">\n                    <div class=\"container px-3\">\n<p><strong>Datum: 23.10.2025<br>Uhrzeit: 18.15-19.45 Uhr<br>Ort: Quartiersb\u00fcro am Ulanenpark, Hans-Sch\u00fctz-Str. 3<\/strong><\/p>\n<\/div>\n                <\/section>\n\n<section class=\"container-fluid bg-white px-0 pt-5 pt-md-5\">\n                    <div class=\"container px-3\">\n<p>Der Smart Talk findet im Rahmen der Smarten Woche Wunderburg-Gereuth statt.<\/p>\n<\/div>\n                <\/section>\n\n<section class=\"container-fluid bg-white p-0 pt-5 pt-md-5 wp-elements-2b33b473aa9e5329f617ed5e800e3f12\">\n                    <div class=\"container p-5 p-3 pb-0\">\n<h6 class=\"wp-block-heading has-white-color has-text-color has-background has-link-color\" style=\"background:linear-gradient(135deg,rgb(137,37,116) 0%,rgb(44,99,174) 100%)\" class=\"mb-0\">November 2025<\/h6>\n<\/div>\n                <\/section>\n\n<section class=\"container-fluid bg-white px-0 pt-5 pt-md-5\">\n                    <div class=\"container px-3\">\n<p><strong>Digitale Gesundheit f\u00fcr alle &#8211; einfach, praktisch, n\u00fctzlich<\/strong><\/p>\n<\/div>\n                <\/section>\n\n<section class=\"container-fluid bg-white px-0 pt-5 pt-md-5\">\n                    <div class=\"container px-3\">\n<p>Haben Sie sich schon einmal gefragt, wie Sie Ihre Gesundheitsversorgung verbessern k\u00f6nnen? Wir zeigen Ihnen, wie digitale Gesundheitsangebote Ihren Alltag erleichtern und Ihre Gesundheit unterst\u00fctzen &#8211; ganz ohne komplizierte Technik!<\/p>\n<\/div>\n                <\/section>\n\n<section class=\"container-fluid bg-white px-0 pt-5 pt-md-5\">\n                    <div class=\"container px-3\">\n<p>Was erwartet Sie?<\/p>\n<\/div>\n                <\/section>\n\n\n<ul class=\"wp-block-list\">\n<li>Alle Gesundheitsinformationen immer dabei: wie die elektronische Patientenakte Ihre Behandlung verbessern kann<\/li>\n\n\n\n<li>Nie wieder Rezepte verlegen: Erleben Sie, wie einfach das E-Rezept funktioniert<\/li>\n\n\n\n<li>App auf Rezept: Entdecken Sie Digitale Gesundheitsanwendungen, die Ihnen z.B. bei R\u00fcckenschmerzen oder Schlafproblemen helfen k\u00f6nnen und sogar von Ihrer Krankenkasse bezahlt werden<\/li>\n\n\n\n<li>Arztbesuche von zu Hause: Wir zeigen Ihnen, wie eine Videosprechstunde funktioniert<\/li>\n\n\n\n<li>Verl\u00e4ssliche Gesundheitsinfos finden: Wir zeigen Ihnen, wie Sie schnell verl\u00e4ssliche Antworten auf Ihre Fragen finden Kommen Sie vorbei und entdecken Sie, wie digitale Gesundheitsangebote Ihr Leben leichter machen k\u00f6nnen.<\/li>\n<\/ul>\n\n\n<section class=\"container-fluid bg-white px-0 pt-5 pt-md-5\">\n                    <div class=\"container px-3\">\n<p>Egal ob Sie Ihre Arzttermine besser organisieren, Ihre Medikamente im Blick behalten oder einfach mehr \u00fcber Ihre Gesundheit erfahren m\u00f6chten &#8211; dieser Kurs ist f\u00fcr Sie!<\/p>\n<\/div>\n                <\/section>\n\n<section class=\"container-fluid bg-white px-0 pt-5 pt-md-5\">\n                    <div class=\"container px-3\">\n<p><strong>Datum: 13.11.2025<br>Uhrzeit: 17.00-18.30 Uhr (<u>Achtung! Andere Uhrzeit als \u00fcblich<\/u>)<br>Ort: Gro\u00dfer Saal im E-Werk (VHS)<\/strong><\/p>\n<\/div>\n                <\/section>\n\n<section class=\"container-fluid bg-white px-0 pt-5 pt-md-5\">\n                    <div class=\"container px-3\">\n<p>Sonderformat mit der VHS und Bayern Innovativ \u2013 beachten Sie bitte Ort und Uhrzeit!<\/p>\n<\/div>\n                <\/section>\n\n<section class=\"container-fluid bg-white p-0 pt-5 pt-md-5 wp-elements-9a12ad9e14c7e74dbe1f684181d31d87\">\n                    <div class=\"container p-5 p-3 pb-0\">\n<h6 class=\"wp-block-heading has-white-color has-text-color has-background has-link-color\" style=\"background:linear-gradient(135deg,rgb(137,37,116) 0%,rgb(44,99,174) 100%)\" class=\"mb-0\">Februar 2026<\/h6>\n<\/div>\n                <\/section>\n\n<section class=\"container-fluid bg-white px-0 pt-5 pt-md-5\">\n                    <div class=\"container px-3\">\n<p><strong>Digitale Hilfe in der Pflege \u2013 Potentiale und Herausforderungen f\u00fcrs Gesundheitssystem<\/strong><\/p>\n<\/div>\n                <\/section>\n\n<section class=\"container-fluid bg-white px-0 pt-5 pt-md-5\">\n                    <div class=\"container px-3\">\n<p>Der Pflegenotstand ist ein weltweites Ph\u00e4nomen, das auch Deutschland seit langem betrifft. Fachkr\u00e4ftemangel, steigende Pflegebed\u00fcrftigkeit und zunehmende Herausforderungen in der Versorgung erfordern innovative L\u00f6sungen. Wir laden Sie herzlich zu unserer Podiumsdiskussion am 05.02.2025 ein, bei der wir gemeinsam er\u00f6rtern, wie Digitalisierung dazu beitragen kann, Pflegekr\u00e4fte zu entlasten und die Qualit\u00e4t im Gesundheitssystem zu sichern. Zusammen mit unseren Podiumsg\u00e4sten wollen wir dar\u00fcber diskutieren, wo Digitalisierung im Pflegealltag dabei helfen kann, beispielsweise Abl\u00e4ufe zu optimieren und Ressourcen effizienter zu nutzen. Welches Potential liegt gerade im Einsatz von K\u00fcnstlicher Intelligenz oder auch Robotik? Und was sind die Herausforderungen dabei, allen voran die realistische Umsetzbarkeit oder auch die Frage nach der Akzeptanz &#8211; sowohl beim Pflegepersonal als auch den Erkrankten? Expert:innen aus Forschung und Praxis werden mit uns ihre Erfahrungen und Einsch\u00e4tzungen teilen und im Anschluss an die Podiumsdiskussion gerne Ihre Fragen beantworten!<\/p>\n<\/div>\n                <\/section>\n\n<section class=\"container-fluid bg-white px-0 pt-5 pt-md-5\">\n                    <div class=\"container px-3\">\n<p><strong>Datum: 05.02.2026<br>Uhrzeit: 18.15-19.45 Uhr<br>Ort: Stadt:Raum, Promenadestr. 6a<\/strong><\/p>\n<\/div>\n                <\/section>","protected":false},"excerpt":{"rendered":"<p>Es dreht sich alles um den Einsatz von Digitalisierung im Gesundheitswesen und der Pflege.<\/p>\n","protected":false},"author":4,"featured_media":5978,"comment_status":"open","ping_status":"open","sticky":false,"template":"","format":"standard","meta":{"_acf_changed":false,"footnotes":""},"categories":[150],"class_list":["post-5977","post","type-post","status-publish","format-standard","has-post-thumbnail","hentry","category-veranstaltungen"],"acf":[],"_links":{"self":[{"href":"https:\/\/smartcity.bamberg.de\/les\/wp-json\/wp\/v2\/posts\/5977","targetHints":{"allow":["GET"]}}],"collection":[{"href":"https:\/\/smartcity.bamberg.de\/les\/wp-json\/wp\/v2\/posts"}],"about":[{"href":"https:\/\/smartcity.bamberg.de\/les\/wp-json\/wp\/v2\/types\/post"}],"author":[{"embeddable":true,"href":"https:\/\/smartcity.bamberg.de\/les\/wp-json\/wp\/v2\/users\/4"}],"replies":[{"embeddable":true,"href":"https:\/\/smartcity.bamberg.de\/les\/wp-json\/wp\/v2\/comments?post=5977"}],"version-history":[{"count":4,"href":"https:\/\/smartcity.bamberg.de\/les\/wp-json\/wp\/v2\/posts\/5977\/revisions"}],"predecessor-version":[{"id":6816,"href":"https:\/\/smartcity.bamberg.de\/les\/wp-json\/wp\/v2\/posts\/5977\/revisions\/6816"}],"wp:featuredmedia":[{"embeddable":true,"href":"https:\/\/smartcity.bamberg.de\/les\/wp-json\/wp\/v2\/media\/5978"}],"wp:attachment":[{"href":"https:\/\/smartcity.bamberg.de\/les\/wp-json\/wp\/v2\/media?parent=5977"}],"wp:term":[{"taxonomy":"category","embeddable":true,"href":"https:\/\/smartcity.bamberg.de\/les\/wp-json\/wp\/v2\/categories?post=5977"}],"curies":[{"name":"wp","href":"https:\/\/api.w.org\/{rel}","templated":true}]}}