{"id":6018,"date":"2025-10-06T08:15:36","date_gmt":"2025-10-06T06:15:36","guid":{"rendered":"https:\/\/smartcity.bamberg.de\/?p=6018"},"modified":"2026-01-27T15:10:11","modified_gmt":"2026-01-27T14:10:11","slug":"die-smarte-woche-geht-in-ihre-dritte-und-letzte-runde","status":"publish","type":"post","link":"https:\/\/smartcity.bamberg.de\/les\/die-smarte-woche-geht-in-ihre-dritte-und-letzte-runde\/","title":{"rendered":"Die Smarte Woche geht in ihre dritte und letzte Runde!"},"content":{"rendered":"<section class=\"container-fluid bg-white px-0 pt-5 pt-md-5\">\n                    <div class=\"container px-3\">\n<p>Nach den Smarten Wochen S\u00fcdwest-Babenberger Viertel (M\u00e4rz) und Bamberg-Ost (Juni) sind nun vom 20. bis 24. Oktober die Stadtteile Gereuth und Wunderburg an der Reihe. Wieder einmal lockt ein buntes Programm, das dazu einl\u00e4dt, Digitalisierung zu entdecken und zu erleben, und auch mehr \u00fcber die Projekte von Smart City Bamberg zu erfahren. Bei den verschiedenen Veranstaltungen im Quartiersb\u00fcro am Ulanenpark, dem B\u00fcrgerhaus Rosmarinweg und der BasKIDhall ist f\u00fcr jeden etwas dabei!<\/p>\n<\/div>\n                <\/section>\n\n\n<!--more-->\n\n\n<section class=\"container-fluid bg-white p-0 pt-5 pt-md-5 wp-elements-a379272fa371bc852dab29b2388a626f\">\n                    <div class=\"container p-5 p-3 pb-0\">\n<h6 class=\"wp-block-heading has-white-color has-text-color has-background has-link-color\" id=\"SW201025\" style=\"background:linear-gradient(135deg,rgb(137,37,116) 0%,rgb(44,99,174) 100%)\" class=\"mb-0\"><strong>Montag, 20.10.2025<\/strong><\/h6>\n<\/div>\n                <\/section>\n\n<section class=\"container-fluid bg-white px-0 pt-5 pt-md-5\">\n                    <div class=\"container px-3\">\n<p>Die feierliche Er\u00f6ffnung findet am 20.10.2025 zwischen 16 und 18 Uhr vor dem Quartiersb\u00fcro am Ulanenpark statt. Nachdem der Wirtschafts- und Digitalisierungsreferent, Dr. Stefan Goller, die G\u00e4ste willkommen gehei\u00dfen hat, erkl\u00e4rt der Programmleiter Sascha G\u00f6tz, was es mit Smart City Bamberg auf sich hat, welchen Mehrwert es f\u00fcr Bamberg birgt und wie jede und jeder Einzelne in Bamberg davon profitieren kann.<\/p>\n<\/div>\n                <\/section>\n\n<section class=\"container-fluid bg-white px-0 pt-5 pt-md-5\">\n                    <div class=\"container px-3\">\n<p>Anschlie\u00dfend beginnt der informelle Part: bei einem Hei\u00dfgetr\u00e4nk der Wahl kann in direkten Austausch mit Mitarbeitenden von Smart City Bamberg getreten werden. Insbesondere die Bamberg-App und die Engagement-Plattform \u201eBamberg-Miteinander\u201c werden dabei vorgestellt und k\u00f6nnen in einem ersten Prototyp ausprobiert werden. Auch f\u00fcr die Kleinen wird etwas geboten: es warten verschiedene Spielstationen, an denen es auch etwas zu gewinnen gibt!<\/p>\n<\/div>\n                <\/section>\n\n<section class=\"container-fluid bg-white px-0 pt-5 pt-md-5\">\n                    <div class=\"container px-3\">\n<p>Wenn ihr Fragen an Smart City Bamberg habt oder einfach nur neugierig seid, kommt gerne vorbei!<\/p>\n<\/div>\n                <\/section>\n\n<section class=\"container-fluid bg-white p-0 pt-5 pt-md-5 wp-elements-18621300264e36abd70e1418c1cfc662\">\n                    <div class=\"container p-5 p-3 pb-0\">\n<h6 class=\"wp-block-heading has-white-color has-text-color has-background has-link-color\" id=\"SW211025\" style=\"background:linear-gradient(135deg,rgb(137,37,116) 0%,rgb(44,99,174) 100%)\" class=\"mb-0\"><strong>Dienstag, 21.10.2025<\/strong><\/h6>\n<\/div>\n                <\/section>\n\n<section class=\"container-fluid bg-white px-0 pt-5 pt-md-5\">\n                    <div class=\"container px-3\">\n<p>Am Dienstag besuchen Mitarbeiterinnen von Smart City Bamberg bereits stattfindende Veranstaltungen im Viertel:<\/p>\n<\/div>\n                <\/section>\n\n<section class=\"container-fluid bg-white px-0 pt-5 pt-md-5\">\n                    <div class=\"container px-3\">\n<p>Zwischen 10 Uhr und 10.45 Uhr werden im Quartiersb\u00fcro am Ulanenpark digitale Themen f\u00fcr das Ged\u00e4chtnistraining \u201eFit im Kopf\u201c genutzt. Dabei kommen keine digitalen Ger\u00e4te zum Einsatz, sondern wir besch\u00e4ftigen uns spielerisch mit Digitalisierung und wo sie uns im Alltag alles begegnet.<\/p>\n<\/div>\n                <\/section>\n\n<section class=\"container-fluid bg-white px-0 pt-5 pt-md-5\">\n                    <div class=\"container px-3\">\n<p>Beim Seniorencaf\u00e9 im B\u00fcrgerhaus Rosmarinweg tauschen wir uns dann zwischen 13.30 und 15.30 Uhr entspannt bei Kaffee und Kuchen \u00fcber die digitale Welt aus. Im lockeren Gespr\u00e4ch stellen wir uns auch kritischen Fragen und zeigen, wie auch Menschen, die nicht digital-affin sind, von Smart City Bamberg profitieren werden.<\/p>\n<\/div>\n                <\/section>\n\n<section class=\"container-fluid bg-white p-0 pt-5 pt-md-5 wp-elements-cca37a31e3ae5a483abc4d2d12495471\">\n                    <div class=\"container p-5 p-3 pb-0\">\n<h6 class=\"wp-block-heading has-white-color has-text-color has-background has-link-color\" id=\"SW221025\" style=\"background:linear-gradient(135deg,rgb(137,37,116) 0%,rgb(44,99,174) 100%)\" class=\"mb-0\"><strong>Mittwoch, 22.10.2025<\/strong><\/h6>\n<\/div>\n                <\/section>\n\n<section class=\"container-fluid bg-white px-0 pt-5 pt-md-5\">\n                    <div class=\"container px-3\">\n<p>Der Mittwoch l\u00e4sst es etwas ruhiger angehen \u2013 tats\u00e4chlich gibt es an dem Tag keine \u00f6ffentliche Veranstaltung. Stattdessen bieten wir in Zusammenarbeit mit dem Bezirksjugendring Oberfranken zwei Workshops f\u00fcr die siebten Klassen der Trimbergschule an. Die Sch\u00fclerinnen und Sch\u00fcler werden sich unter Anleitung der Workshopleitung intensiv mit der Frage nach einem gesunden Umgang mit digitalen und sozialen Medien auseinandersetzen.<\/p>\n<\/div>\n                <\/section>\n\n<section class=\"container-fluid bg-white p-0 pt-5 pt-md-5 wp-elements-2bf652cd62b4ae4ee67e3b8371e2d258\">\n                    <div class=\"container p-5 p-3 pb-0\">\n<h6 class=\"wp-block-heading has-white-color has-text-color has-background has-link-color\" id=\"SW231025\" style=\"background:linear-gradient(135deg,rgb(137,37,116) 0%,rgb(44,99,174) 100%)\" class=\"mb-0\"><strong>Donnerstag, 23.10.2025<\/strong><\/h6>\n<\/div>\n                <\/section>\n\n<section class=\"container-fluid bg-white px-0 pt-5 pt-md-5\">\n                    <div class=\"container px-3\">\n<p>Umso mehr ist dann am Donnerstag los: Der Morgen startet um 09.45 Uhr im B\u00fcrgerhaus Rosmarinweg, wo \u201esilver ager\u201c ihr gewohntes Ged\u00e4chtnistraining mit digitalen Themen f\u00fcllen. Direkt im Anschluss gibt es zwischen 11 und 12 Uhr die M\u00f6glichkeit, sich vor Ort weiter \u00fcber die verschiedenen Smart City Projekte zu informieren und Fragen dazu zu stellen.<\/p>\n<\/div>\n                <\/section>\n\n<section class=\"container-fluid bg-white px-0 pt-5 pt-md-5\">\n                    <div class=\"container px-3\">\n<p>Beim Jugendtreff in der BasKIDhall l\u00e4dt ein Kunst &amp; KI Workshop mit Sebastian Magnus dazu ein, sich kreativ auszutoben. Zwischen 17 und 20 Uhr k\u00f6nnen Kinder und Jugendliche Figuren sprayen und diese dann durch eine K\u00fcnstliche Intelligenz zum (digitalen) Leben erwecken!<\/p>\n<\/div>\n                <\/section>\n\n<section class=\"container-fluid bg-white px-0 pt-5 pt-md-5\">\n                    <div class=\"container px-3\">\n<p>Erwachsene wiederum sind an dem Abend herzlich zu unserem Smart Talk zum Thema \u201eDigitalisierung und Demenz\u201c im Quartiersb\u00fcro am Ulanenpark eingeladen. Von 18.15 bis etwa 19.45 Uhr findet zun\u00e4chst eine Podiumsdiskussion statt, bei der Expertinnen und Experten erl\u00e4utern, welche Chancen, aber auch Herausforderungen Digitalisierung f\u00fcr die Pflege von an Demenz erkrankten Menschen mit sich bringt. Anschlie\u00dfend gibt es Raum f\u00fcr Fragen, Anmerkungen und Austausch durch und mit dem Publikum.<\/p>\n<\/div>\n                <\/section>\n\n<section class=\"container-fluid bg-white p-0 pt-5 pt-md-5 wp-elements-af883e19ee7a19b7cad092e1fbace660\">\n                    <div class=\"container p-5 p-3 pb-0\">\n<h6 class=\"wp-block-heading has-white-color has-text-color has-background has-link-color\" id=\"SW241025\" style=\"background:linear-gradient(135deg,rgb(137,37,116) 0%,rgb(44,99,174) 100%)\" class=\"mb-0\"><strong>Freitag, 24.10.2025<\/strong><\/h6>\n<\/div>\n                <\/section>\n\n<section class=\"container-fluid bg-white px-0 pt-5 pt-md-5\">\n                    <div class=\"container px-3\">\n<p>Den Abschluss der dritten Smarten Woche bilden gleich zwei spannende Programmpunkten in der BasKIDhall:<\/p>\n<\/div>\n                <\/section>\n\n<section class=\"container-fluid bg-white px-0 pt-5 pt-md-5\">\n                    <div class=\"container px-3\">\n<p>Beim Kids\u2018 Treff zwischen 14 und 17 Uhr werden Kinder in die Welt der Technik eingef\u00fchrt. Angeleitet durch NEO (Institut f\u00fcr innovative Bildung) wird spielerisch mit Technik und Elektronik experimentiert \u2013 die Projekte d\u00fcrfen anschlie\u00dfend mit nach Hause genommen werden!<\/p>\n<\/div>\n                <\/section>\n\n<section class=\"container-fluid bg-white px-0 pt-5 pt-md-5\">\n                    <div class=\"container px-3\">\n<p>Nach einer kleinen Pause geht es dann um 19 Uhr weiter: schon bei der ersten Smarten Woche bildete das Fahrradkino den kr\u00f6nenden Abschluss des Programms. Wir freuen uns sehr, dieses Kinoerlebnis der besonderen Art auch diesmal wieder anbieten zu k\u00f6nnen! Mit dabei ist eine Auswahl von Filmen der Bamberger Kurzfilmtage. Die Vorf\u00fchrung wird durch die Muskelkraft von immer zwei bis drei G\u00e4sten angetrieben, gewechselt wird per Handzeichen \u2013 ein Spa\u00df f\u00fcr die ganze Familie!<\/p>\n<\/div>\n                <\/section>","protected":false},"excerpt":{"rendered":"<p>Vom 20. bis 24. Oktober in den Stadtteilen Gereuth und Wunderburg<\/p>\n","protected":false},"author":4,"featured_media":6027,"comment_status":"open","ping_status":"open","sticky":false,"template":"","format":"standard","meta":{"_acf_changed":false,"footnotes":""},"categories":[150],"class_list":["post-6018","post","type-post","status-publish","format-standard","has-post-thumbnail","hentry","category-veranstaltungen"],"acf":[],"_links":{"self":[{"href":"https:\/\/smartcity.bamberg.de\/les\/wp-json\/wp\/v2\/posts\/6018","targetHints":{"allow":["GET"]}}],"collection":[{"href":"https:\/\/smartcity.bamberg.de\/les\/wp-json\/wp\/v2\/posts"}],"about":[{"href":"https:\/\/smartcity.bamberg.de\/les\/wp-json\/wp\/v2\/types\/post"}],"author":[{"embeddable":true,"href":"https:\/\/smartcity.bamberg.de\/les\/wp-json\/wp\/v2\/users\/4"}],"replies":[{"embeddable":true,"href":"https:\/\/smartcity.bamberg.de\/les\/wp-json\/wp\/v2\/comments?post=6018"}],"version-history":[{"count":4,"href":"https:\/\/smartcity.bamberg.de\/les\/wp-json\/wp\/v2\/posts\/6018\/revisions"}],"predecessor-version":[{"id":6791,"href":"https:\/\/smartcity.bamberg.de\/les\/wp-json\/wp\/v2\/posts\/6018\/revisions\/6791"}],"wp:featuredmedia":[{"embeddable":true,"href":"https:\/\/smartcity.bamberg.de\/les\/wp-json\/wp\/v2\/media\/6027"}],"wp:attachment":[{"href":"https:\/\/smartcity.bamberg.de\/les\/wp-json\/wp\/v2\/media?parent=6018"}],"wp:term":[{"taxonomy":"category","embeddable":true,"href":"https:\/\/smartcity.bamberg.de\/les\/wp-json\/wp\/v2\/categories?post=6018"}],"curies":[{"name":"wp","href":"https:\/\/api.w.org\/{rel}","templated":true}]}}