{"id":6199,"date":"2025-09-06T09:00:00","date_gmt":"2025-09-06T07:00:00","guid":{"rendered":"https:\/\/smartcity.bamberg.de\/?p=6199"},"modified":"2026-01-28T14:16:08","modified_gmt":"2026-01-28T13:16:08","slug":"stammtische-im-herbst-winter-2025","status":"publish","type":"post","link":"https:\/\/smartcity.bamberg.de\/les\/stammtische-im-herbst-winter-2025\/","title":{"rendered":"Stammtische im Herbst\/Winter 2025"},"content":{"rendered":"<section class=\"container-fluid bg-white px-0 pt-5 pt-md-5\">\n                    <div class=\"container px-3\">\n<p>F\u00fcr das verbleibende Jahr stehen gleich vier Stammtische an, wie immer mittags und abends im Wechsel. Wir greifen zudem eine Idee wieder auf, zu Beginn des Stammtischs einen kleinen f\u00fcnf- bis zehnmin\u00fctigen Input zu Smart City Themen zu geben. Danach ist wie immer Zeit f\u00fcr einen freien Austausch und Fragen zu unseren Projekten und anderen digitalen Themen.<\/p>\n<\/div>\n                <\/section>\n\n\n<!--more-->\n\n\n<section class=\"container-fluid bg-white px-0 pt-5 pt-md-5\">\n                    <div class=\"container px-3\">\n<p>Hier eine \u00dcbersicht \u00fcber die Stammtische und die jeweiligen Themen:<\/p>\n<\/div>\n                <\/section>\n\n<section class=\"container-fluid bg-white px-0 pt-5 pt-md-5\">\n                    <div class=\"container px-3\">\n<p>Am <strong>24.09.2025<\/strong> treffen wir uns <strong>ab 12.30 Uhr<\/strong> im <a rel=\"noreferrer noopener\" href=\"https:\/\/dacabo-bamberg.de\/\" target=\"_blank\">DaCabo am Heumarkt 7<\/a>. Unser Kollege Jonas Troles, Leitung und Umsetzung des Projekts BaKIM, wird eine kurze Einf\u00fchrung zu K\u00fcnstlicher Intelligenz geben und steht danach f\u00fcr Fragen bereit.<\/p>\n<\/div>\n                <\/section>\n\n<section class=\"container-fluid bg-white px-0 pt-5 pt-md-5\">\n                    <div class=\"container px-3\">\n<p>Am <strong>29.10.2025<\/strong> geht es <strong>ab 17.30 Uhr<\/strong> im <a rel=\"noreferrer noopener\" href=\"https:\/\/bamberg.aposto.eu\/\" target=\"_blank\">Aposto (Geyersw\u00f6rthstra\u00dfe 5a)<\/a> darum, wie die Smart City Anwendung Bamberg-miteinander die Arbeit von Vereinen, Initiativen und anderen Verb\u00fcnden digital unterst\u00fctzen kann. Unser Kollege Steve Henschel, Projektmanager von Bamberg-miteinander, wird das Projekt und seine Funktionsweise vorstellen und freut sich auf den Austausch mit Interessierten.<\/p>\n<\/div>\n                <\/section>\n\n<section class=\"container-fluid bg-white px-0 pt-5 pt-md-5\">\n                    <div class=\"container px-3\">\n<p>Am <strong>19.11.2025<\/strong> erkl\u00e4rt unser Kollege Jonas Behr, Projektmanager der Bamberg-App, wie die Menschen in Bamberg von einer solchen Stadt-App profitieren k\u00f6nnen. Eigene Ideen, W\u00fcnsche und Anmerkungen dazu sind gerne gesehen. Hierf\u00fcr treffen wir uns <strong>um 12.30 Uhr<\/strong> im <a href=\"https:\/\/www.hotel-wilde-rose.de\/index.php\/de\/restaurant\" target=\"_blank\" rel=\"noreferrer noopener\">Gasthaus Wilde Rose<\/a>.<\/p>\n<\/div>\n                <\/section>\n\n<section class=\"container-fluid bg-white px-0 pt-5 pt-md-5\">\n                    <div class=\"container px-3\">\n<p>Zum letzten Stammtisch des Jahres wird es keinen Input geben &#8211; stattdessen treffen wir uns <strong>am 10.12. ab 17.30 Uhr <\/strong>auf dem Weihnachtsmarkt am Maxplatz und lassen das Jahr mit einer Tasse Gl\u00fchwein ausklingen. Der genauen Treffpunkt wird im Dezember bekannt gegeben.<\/p>\n<\/div>\n                <\/section>\n\n<section class=\"container-fluid bg-white px-0 pt-5 pt-md-5\">\n                    <div class=\"container px-3\">\n<p>Eine Anmeldung ist nicht n\u00f6tig &#8211; wir freuen uns, wenn ihr kommt!<\/p>\n<\/div>\n                <\/section>","protected":false},"excerpt":{"rendered":"<p>Gleich vier Termine laden zum lockeren Austausch zu Digitalisierung und Smart City ein!<\/p>\n","protected":false},"author":4,"featured_media":4461,"comment_status":"open","ping_status":"open","sticky":false,"template":"","format":"standard","meta":{"_acf_changed":false,"footnotes":""},"categories":[150],"class_list":["post-6199","post","type-post","status-publish","format-standard","has-post-thumbnail","hentry","category-veranstaltungen"],"acf":[],"_links":{"self":[{"href":"https:\/\/smartcity.bamberg.de\/les\/wp-json\/wp\/v2\/posts\/6199","targetHints":{"allow":["GET"]}}],"collection":[{"href":"https:\/\/smartcity.bamberg.de\/les\/wp-json\/wp\/v2\/posts"}],"about":[{"href":"https:\/\/smartcity.bamberg.de\/les\/wp-json\/wp\/v2\/types\/post"}],"author":[{"embeddable":true,"href":"https:\/\/smartcity.bamberg.de\/les\/wp-json\/wp\/v2\/users\/4"}],"replies":[{"embeddable":true,"href":"https:\/\/smartcity.bamberg.de\/les\/wp-json\/wp\/v2\/comments?post=6199"}],"version-history":[{"count":3,"href":"https:\/\/smartcity.bamberg.de\/les\/wp-json\/wp\/v2\/posts\/6199\/revisions"}],"predecessor-version":[{"id":6818,"href":"https:\/\/smartcity.bamberg.de\/les\/wp-json\/wp\/v2\/posts\/6199\/revisions\/6818"}],"wp:featuredmedia":[{"embeddable":true,"href":"https:\/\/smartcity.bamberg.de\/les\/wp-json\/wp\/v2\/media\/4461"}],"wp:attachment":[{"href":"https:\/\/smartcity.bamberg.de\/les\/wp-json\/wp\/v2\/media?parent=6199"}],"wp:term":[{"taxonomy":"category","embeddable":true,"href":"https:\/\/smartcity.bamberg.de\/les\/wp-json\/wp\/v2\/categories?post=6199"}],"curies":[{"name":"wp","href":"https:\/\/api.w.org\/{rel}","templated":true}]}}