{"id":6433,"date":"2025-11-12T12:38:44","date_gmt":"2025-11-12T11:38:44","guid":{"rendered":"https:\/\/smartcity.bamberg.de\/?p=6433"},"modified":"2026-01-27T14:59:33","modified_gmt":"2026-01-27T13:59:33","slug":"gemeinsam-zu-einer-smarten-stadt-app","status":"publish","type":"post","link":"https:\/\/smartcity.bamberg.de\/les\/gemeinsam-zu-einer-smarten-stadt-app\/","title":{"rendered":"Gemeinsam zu einer smarten Stadt-App"},"content":{"rendered":"<section class=\"container-fluid bg-white px-0 pt-5 pt-md-5\">\n                    <div class=\"container px-3\">\n<p><strong>Die Bamberg-App entsteht in Zusammenarbeit mit anderen Kommunen und den Menschen in Bamberg<\/strong>.<strong> Im Fr\u00fchling 2026 kommt sie in die App-Stores, doch ihr habt jetzt noch einmal die Gelegenheit, sie mitzugestalten!<\/strong><\/p>\n<\/div>\n                <\/section>\n\n\n<!--more-->\n\n\n<section class=\"container-fluid bg-white px-0 pt-5 pt-md-5\">\n                    <div class=\"container px-3\">\n<p>Eine Anwendung auf dem eigenen Mobiltelefon, die n\u00fctzliche Informationen und digitale Services rund um das Leben in Bamberg b\u00fcndelt und unkompliziert darstellt \u2013 das w\u00fcnschen sich viele. Bei Smart City Bamberg entsteht gerade so eine Bamberg-App und soll im Fr\u00fchling 2026 f\u00fcr alle verf\u00fcgbar sein. Sie wird ausgew\u00e4hlte Smart City Anwendungen beinhalten, wie zum Beispiel eine von den Menschen in Bamberg gepflegte Karte mit Geheimtipps. Au\u00dferdem Neuigkeiten aus dem Rathaus und dem Stadtgeschehen, den Veranstaltungskalender oder auch Onlinedienste der Stadtverwaltung. Doch die Entwicklung dieser App geschieht nicht im Alleingang!<\/p>\n<\/div>\n                <\/section>\n\n<section class=\"container-fluid bg-white p-0 pt-5 pt-md-5\">\n                    <div class=\"container p-5 p-3 pb-0\">\n<h6 class=\"wp-block-heading\" class=\"mb-0\">Entwicklungspartnerschaft mit zwei anderen St\u00e4dten<\/h6>\n<\/div>\n                <\/section>\n\n<section class=\"container-fluid bg-white px-0 pt-5 pt-md-5\">\n                    <div class=\"container px-3\">\n<p>Smart City Bamberg arbeitet eng mit den St\u00e4dten Soest und Kassel zusammen und setzt dabei auf eine Weiterentwicklung der Technik, die Soest in einer ersten Version erstellt hat. \u201eWir sind mit unserer SoestApp jetzt \u00fcber ein Jahr online. Die App ist ein lebendes Projekt und wir freuen uns sehr, sie zusammen mit Bamberg und Kassel weiter auszubauen und zu verbessern.\u201c, betont Helge Ernst, Projektmanager in Soest. Die Soest-App ist eine Open-Source-Softwarel\u00f6sung, d.h. der Code ist auf OpenCoDE.de frei verf\u00fcgbar. So k\u00f6nnen andere Kommunen sie lizenzkostenfrei einsetzen. \u201eIndem wir weitere Entwicklungen gemeinschaftlich angehen, lassen sich Kosten sparen und neue Funktionen und Inhalte der App umsetzen\u201c, erg\u00e4nzt Jonas Behr, Projektmanager der Bamberg-App. Das ist smart und steht ganz im Zeichnen der vom Bund mit den Modellprojekten Smart Cities verfolgten Absicht, die digitale Souver\u00e4nit\u00e4t und Handlungsf\u00e4higkeit der Kommunen zu st\u00e4rken.<\/p>\n<\/div>\n                <\/section>\n\n<section class=\"container-fluid bg-white p-0 pt-5 pt-md-5\">\n                    <div class=\"container p-5 p-3 pb-0\">\n<h6 class=\"wp-block-heading\" class=\"mb-0\">Beteiligung der Menschen in Bamberg<\/h6>\n<\/div>\n                <\/section>\n\n<section class=\"container-fluid bg-white px-0 pt-5 pt-md-5\">\n                    <div class=\"container px-3\">\n<p>Auch die Bambergerinnen und Bamberger k\u00f6nnen bei der Gestaltung der App mitreden: So fanden im Sommer 2025 mehrere Gruppengespr\u00e4che sowie eine \u00f6ffentliche Beteiligungsveranstaltung statt, bei der die Teilnehmenden den Prototypen der Bamberg-App testen durften. Die R\u00fcckmeldungen waren vielf\u00e4ltig und gaben wichtige Impulse f\u00fcr die Weiterentwicklung der App.<\/p>\n<\/div>\n                <\/section>\n\n<section class=\"container-fluid bg-white px-0 pt-5 pt-md-5\">\n                    <div class=\"container px-3\">\n<p>Besonders positiv aufgenommen wurden Funktionen wie die digitalen Services, individuelle Erinnerungen an M\u00fcllabfuhrtermine, ein \u00fcbersichtlicher Veranstaltungskalender sowie aktuelle Informationen aus der Stadtverwaltung. Auch der Wunsch nach einer M\u00f6glichkeit, Anfragen direkt an die Stadt weiterzugeben, war vielen ein Anliegen. Dar\u00fcber hinaus wurde betont, wie wichtig barrierefreie Informationen und Funktionen sind, damit die App f\u00fcr alle Nutzen stiftet.<\/p>\n<\/div>\n                <\/section>\n\n<section class=\"container-fluid bg-white px-0 pt-5 pt-md-5\">\n                    <div class=\"container px-3\">\n<p><strong>F\u00fcr die Fertigstellung der App sind weitere Nutzertests geplant. Wenn Ihr daran teilnehmen wollt, meldet euch bitte zeitnah unter <\/strong><a href=\"mailto:projekte.smartcity@stadt.bamberg.de\"><strong>projekte.smartcity@stadt.bamberg.de<\/strong><\/a><strong> oder 0951-87 2119<\/strong><\/p>\n<\/div>\n                <\/section>\n\n<section class=\"container-fluid bg-white px-0 pt-5 pt-md-5\">\n                    <div class=\"container px-3\">\n<p><\/p>\n<\/div>\n                <\/section>\n\n<section class=\"container-fluid bg-white px-0 pt-5 pt-md-5\">\n                    <div class=\"container px-3\">\n<p><\/p>\n<\/div>\n                <\/section>\n\n<section class=\"container-fluid bg-white px-0 pt-5 pt-md-5\">\n                    <div class=\"container px-3\">\n<p><em>Beitragsbild: Erstes Treffen der Entwicklungspartnerschaft mit der Stadt Kassel, der Stadt Soest und dem Dienstleister SWCode, der die Soest-App entwickelt hat.<\/em> <em>(Foto von SWCode)<\/em><\/p>\n<\/div>\n                <\/section>","protected":false},"excerpt":{"rendered":"<p>Im Fr\u00fchling 2026 kommt die Bamberg-App in die App-Stores &#8211; gestaltet sie jetzt mit!<\/p>\n","protected":false},"author":4,"featured_media":6434,"comment_status":"open","ping_status":"open","sticky":false,"template":"","format":"standard","meta":{"_acf_changed":false,"footnotes":""},"categories":[149,169],"class_list":["post-6433","post","type-post","status-publish","format-standard","has-post-thumbnail","hentry","category-bamberg-app","category-beteiligung"],"acf":[],"_links":{"self":[{"href":"https:\/\/smartcity.bamberg.de\/les\/wp-json\/wp\/v2\/posts\/6433","targetHints":{"allow":["GET"]}}],"collection":[{"href":"https:\/\/smartcity.bamberg.de\/les\/wp-json\/wp\/v2\/posts"}],"about":[{"href":"https:\/\/smartcity.bamberg.de\/les\/wp-json\/wp\/v2\/types\/post"}],"author":[{"embeddable":true,"href":"https:\/\/smartcity.bamberg.de\/les\/wp-json\/wp\/v2\/users\/4"}],"replies":[{"embeddable":true,"href":"https:\/\/smartcity.bamberg.de\/les\/wp-json\/wp\/v2\/comments?post=6433"}],"version-history":[{"count":3,"href":"https:\/\/smartcity.bamberg.de\/les\/wp-json\/wp\/v2\/posts\/6433\/revisions"}],"predecessor-version":[{"id":6777,"href":"https:\/\/smartcity.bamberg.de\/les\/wp-json\/wp\/v2\/posts\/6433\/revisions\/6777"}],"wp:featuredmedia":[{"embeddable":true,"href":"https:\/\/smartcity.bamberg.de\/les\/wp-json\/wp\/v2\/media\/6434"}],"wp:attachment":[{"href":"https:\/\/smartcity.bamberg.de\/les\/wp-json\/wp\/v2\/media?parent=6433"}],"wp:term":[{"taxonomy":"category","embeddable":true,"href":"https:\/\/smartcity.bamberg.de\/les\/wp-json\/wp\/v2\/categories?post=6433"}],"curies":[{"name":"wp","href":"https:\/\/api.w.org\/{rel}","templated":true}]}}