{"id":6462,"date":"2025-11-20T10:06:26","date_gmt":"2025-11-20T09:06:26","guid":{"rendered":"https:\/\/smartcity.bamberg.de\/?p=6462"},"modified":"2026-01-27T14:25:57","modified_gmt":"2026-01-27T13:25:57","slug":"namenssuche-fuer-den-raum-materiallotsen","status":"publish","type":"post","link":"https:\/\/smartcity.bamberg.de\/les\/namenssuche-fuer-den-raum-materiallotsen\/","title":{"rendered":"Namenssuche f\u00fcr den \u201eRaum + Materiallotsen\u201c"},"content":{"rendered":"<section class=\"container-fluid bg-white px-0 pt-5 pt-md-5\">\n                    <div class=\"container px-3\">\n<p><strong>Die Anwendung soll Vorhandenes unkompliziert und flexibel nutzbar machen \u2013 doch wie soll sie hei\u00dfen? \u00a0Macht eure Vorschl\u00e4ge &#8211; es gibt es zu gewinnen!<\/strong><\/p>\n<\/div>\n                <\/section>\n\n\n<hr class=\"wp-block-separator has-alpha-channel-opacity\"\/>\n\n\n<section class=\"container-fluid bg-white px-0 pt-5 pt-md-5\">\n                    <div class=\"container px-3\">\n<p>Es ist paradox: Es herrscht Raumnot, dabei stehen viele R\u00e4ume leer. Alles wird teurer, gleichzeitig verstaubt vieles ungenutzt im Keller. Es scheint, der Bedarf ist da, aber findet oft nicht zum Angebot. \u2013 Genau hier setzt das Smart City Projekt \u201eRaum + Materiallotse\u201c an. \u00dcber eine Online Plattform soll Vorhandenes von anderen gesucht, gefunden und gebucht werden k\u00f6nnen.<\/p>\n<\/div>\n                <\/section>\n\n<section class=\"container-fluid bg-white p-0 pt-5 pt-md-5\">\n                    <div class=\"container p-5 p-3 pb-0\">\n<h6 class=\"wp-block-heading\" class=\"mb-0\">Miteinander teilen und Gemeinschaft stiften<\/h6>\n<\/div>\n                <\/section>\n\n<section class=\"container-fluid bg-white px-0 pt-5 pt-md-5\">\n                    <div class=\"container px-3\">\n<p>Davon k\u00f6nnen viele Menschen profitieren, allen voran Privatpersonen, ehrenamtliche Initiativen, Kunst- und Kulturschaffende, Vermieterinnen und Vermieter. Ob es eine spezielle S\u00e4ge ist, die vom Hobby-Handwerker aus der Nachbarschaft ausgeliehen wird, oder die Audioanlage f\u00fcr ein kleines Hofkonzert, die leerstehende Ladenfl\u00e4che, die als Kursraum zwischengenutzt wird, oder das Vereinsheim, das f\u00fcr die Familienfeier gebucht werden kann. \u2013 Der Nutzen ist gro\u00df und sorgt f\u00fcr ein nachhaltiges, lebendiges Bamberg!<\/p>\n<\/div>\n                <\/section>\n\n<section class=\"container-fluid bg-white p-0 pt-5 pt-md-5\">\n                    <div class=\"container p-5 p-3 pb-0\">\n<h6 class=\"wp-block-heading\" class=\"mb-0\">Wie soll die Anwendung hei\u00dfen?<\/h6>\n<\/div>\n                <\/section>\n\n<section class=\"container-fluid bg-white px-0 pt-5 pt-md-5\">\n                    <div class=\"container px-3\">\n<p>Im Fr\u00fchling 2026 soll die Anwendung f\u00fcr alle zur Verf\u00fcgung stehen. Bislang lief sie unter dem Arbeitstitel \u201eRaum + Materiallotse\u201c. Nun sucht Smart City Bamberg nach einem passenden Namen f\u00fcr die Anwendung. Hierf\u00fcr l\u00e4uft ab sofort ein Namenswettbewerb \u2013 es lockt ein Bamberg-Gutschein \u00fcber 30 Euro, der unter allen Einsendungen verlost wird!<\/p>\n<\/div>\n                <\/section>\n\n<section class=\"container-fluid bg-white px-0 pt-5 pt-md-5\">\n                    <div class=\"container px-3\">\n<p><strong>Habt ihr Ideen, wie die Plattform hei\u00dfen soll? Dann schickt euren Namensvorschlag bis einschlie\u00dflich 30. November 2025 an <\/strong><a href=\"mailto:projekte.smartcity@stadt.bamberg.de\"><strong>projekte.smartcity@stadt.bamberg.de<\/strong><\/a>. Die Projektgruppe pr\u00fcft anschlie\u00dfend die Einsendungen und verk\u00fcndet Mitte Dezember die Gewinnerin oder den Gewinner.<\/p>\n<\/div>\n                <\/section>\n\n\n<hr class=\"wp-block-separator has-alpha-channel-opacity\"\/>\n\n\n<section class=\"container-fluid bg-white px-0 pt-5 pt-md-5\">\n                    <div class=\"container px-3\">\n<p><em>Beitragsbild: Kulturkneipenwochenende in der alten Gastronomie am Viehof (27.-29.11.2025), (c) Guido Apel<\/em><\/p>\n<\/div>\n                <\/section>\n\n<section class=\"container-fluid bg-white px-0 pt-5 pt-md-5\">\n                    <div class=\"container px-3\">\n<p><\/p>\n<\/div>\n                <\/section>","protected":false},"excerpt":{"rendered":"<p>Mach mit &#8211; es gibt etwas zu gewinnen!<\/p>\n","protected":false},"author":4,"featured_media":6467,"comment_status":"open","ping_status":"open","sticky":false,"template":"","format":"standard","meta":{"_acf_changed":false,"footnotes":""},"categories":[169,161],"class_list":["post-6462","post","type-post","status-publish","format-standard","has-post-thumbnail","hentry","category-beteiligung","category-raummateriallotse"],"acf":[],"_links":{"self":[{"href":"https:\/\/smartcity.bamberg.de\/les\/wp-json\/wp\/v2\/posts\/6462","targetHints":{"allow":["GET"]}}],"collection":[{"href":"https:\/\/smartcity.bamberg.de\/les\/wp-json\/wp\/v2\/posts"}],"about":[{"href":"https:\/\/smartcity.bamberg.de\/les\/wp-json\/wp\/v2\/types\/post"}],"author":[{"embeddable":true,"href":"https:\/\/smartcity.bamberg.de\/les\/wp-json\/wp\/v2\/users\/4"}],"replies":[{"embeddable":true,"href":"https:\/\/smartcity.bamberg.de\/les\/wp-json\/wp\/v2\/comments?post=6462"}],"version-history":[{"count":2,"href":"https:\/\/smartcity.bamberg.de\/les\/wp-json\/wp\/v2\/posts\/6462\/revisions"}],"predecessor-version":[{"id":6738,"href":"https:\/\/smartcity.bamberg.de\/les\/wp-json\/wp\/v2\/posts\/6462\/revisions\/6738"}],"wp:featuredmedia":[{"embeddable":true,"href":"https:\/\/smartcity.bamberg.de\/les\/wp-json\/wp\/v2\/media\/6467"}],"wp:attachment":[{"href":"https:\/\/smartcity.bamberg.de\/les\/wp-json\/wp\/v2\/media?parent=6462"}],"wp:term":[{"taxonomy":"category","embeddable":true,"href":"https:\/\/smartcity.bamberg.de\/les\/wp-json\/wp\/v2\/categories?post=6462"}],"curies":[{"name":"wp","href":"https:\/\/api.w.org\/{rel}","templated":true}]}}