{"id":7075,"date":"2026-03-09T15:36:41","date_gmt":"2026-03-09T14:36:41","guid":{"rendered":"https:\/\/smartcity.bamberg.de\/?p=7075"},"modified":"2026-03-23T14:06:19","modified_gmt":"2026-03-23T13:06:19","slug":"erster-halt-bamberg","status":"publish","type":"post","link":"https:\/\/smartcity.bamberg.de\/les\/erster-halt-bamberg\/","title":{"rendered":"Erster Halt: Bamberg"},"content":{"rendered":"<section class=\"container-fluid bg-white px-0 pt-5 pt-md-5\">\n                    <div class=\"container px-3\">\n<p>Letztes Jahr fand zum ersten Mal der Open Source Wettbewerb in Berlin auf der Smart Country Convention statt. Dort hat die Open Source Business Alliance in Kooperation mit dem Zentrum Digitale Souver\u00e4nit\u00e4t, Suse, Capgemini und adesso den Preis in der Kategorie \u201eStrategische Transformationssysteme\u201c an Civitas Connect e.V. verliehen.<\/p>\n<\/div>\n                <\/section>\n\n<section class=\"container-fluid bg-white px-0 pt-5 pt-md-5\">\n                    <div class=\"container px-3\">\n<p><\/p>\n<\/div>\n                <\/section>\n\n\n\n\n<section \n    class=\"section container-fluid py-5 bg-white text-black text-image-half \" \n    id=\"\"\n    role=\"region\"\n    aria-label=\"Text und Bild Abschnitt\"\n>\n    <div class=\"container py-5\">\n        <div class=\"row py-5\">\n            \n            <!-- Textspalte -->\n            <div \n                class=\"col-12 col-md-5 pb-5 pb-md-0 d-flex flex-column justify-content-between paragraphs-wrap\"\n                role=\"group\"\n                aria-label=\"Textinhalte\"\n            >\n                                                            <div class=\"pb-3 pb-md-5\" role=\"article\" aria-label=\"Erster Halt des Wanderpreises: Bamberg\">\n                                                            <h2 class=\"h5 pb-3\" aria-label=\"Erster Halt des Wanderpreises: Bamberg\">\n                                    Erster Halt des Wanderpreises: Bamberg                                <\/h2>\n                            \n                                                            <p aria-label=\"Ausgezeichnet wurde die urbane Datenplattform CIVITAS\/CORE \u2013 eine 100 % Open-Source-L\u00f6sung, die st\u00e4dtische Daten vernetzt, interkommunale Zusammenarbeit st\u00e4rkt und digitale Souver\u00e4nit\u00e4t f\u00f6rdert.\nSmart City Bamberg ist Teil der Civitas-Connect-Community und arbeitet gemeinsam mit vielen anderen St\u00e4dten an offenen Daten und vernetzten Smart-City-L\u00f6sungen. Wir sind stolz, mit dabei zu sein! Der Preis geht nun durch die Mitgliedsst\u00e4dte \u201eauf Wanderschaft\u201c \u2013 schaut auf unserer Karte, wohin er als N\u00e4chstes reist!\nAktuell darf sich unser Datenplattform-Team bestehend aus Volker Brand, Franz Sch\u00e4fer und Johanna Ammon (nicht mit im Bild) \u00fcber den Preis freuen.\">\n                                    <p>Ausgezeichnet wurde die urbane Datenplattform CIVITAS\/CORE \u2013 eine 100 % Open-Source-L\u00f6sung, die st\u00e4dtische Daten vernetzt, interkommunale Zusammenarbeit st\u00e4rkt und digitale Souver\u00e4nit\u00e4t f\u00f6rdert.<\/p>\n<p>Smart City Bamberg ist Teil der Civitas-Connect-Community und arbeitet gemeinsam mit vielen anderen St\u00e4dten an offenen Daten und vernetzten Smart-City-L\u00f6sungen. Wir sind stolz, mit dabei zu sein! Der Preis geht nun durch die Mitgliedsst\u00e4dte \u201eauf Wanderschaft\u201c \u2013 schaut auf unserer Karte, wohin er als N\u00e4chstes reist!<\/p>\n<p>Aktuell darf sich unser Datenplattform-Team bestehend aus Volker Brand, Franz Sch\u00e4fer und Johanna Ammon (nicht mit im Bild) \u00fcber den Preis freuen.<\/p>                                <\/p>\n                                                    <\/div>\n                                                <\/div>\n\n            <!-- Bildspalte -->\n            <div \n                class=\"col-12 col-md-7 d-flex flex-column align-items-center align-items-md-end\"\n                role=\"group\"\n                aria-label=\"Bildbereich\"\n            >\n                                    <img decoding=\"async\" \n                        src=\"https:\/\/smartcity.bamberg.de\/wp-content\/uploads\/2026\/03\/WS-2026-03-09-Reiseroute-community-Preis-scaled.png\" \n                        alt=\"Veranschaulichendes Bild zum Textabschnitt\" \n                        class=\"img-fluid rounded\"\n                    >\n                \n                            <\/div>\n        <\/div>\n    <\/div>\n<\/section>\n\n\n<section class=\"container-fluid bg-white px-0 pt-5 pt-md-5\">\n                    <div class=\"container px-3\">\n<p><\/p>\n<\/div>\n                <\/section>","protected":false},"excerpt":{"rendered":"<p>Der Preis f\u00fcr die Datenplattform CIVITAS\/CORE tourt die St\u00e4dte der Entwicklungsgemeinschaft.<\/p>\n","protected":false},"author":4,"featured_media":7079,"comment_status":"open","ping_status":"open","sticky":false,"template":"","format":"standard","meta":{"_acf_changed":false,"footnotes":""},"categories":[147],"class_list":["post-7075","post","type-post","status-publish","format-standard","has-post-thumbnail","hentry","category-datenplattform"],"acf":[],"_links":{"self":[{"href":"https:\/\/smartcity.bamberg.de\/les\/wp-json\/wp\/v2\/posts\/7075","targetHints":{"allow":["GET"]}}],"collection":[{"href":"https:\/\/smartcity.bamberg.de\/les\/wp-json\/wp\/v2\/posts"}],"about":[{"href":"https:\/\/smartcity.bamberg.de\/les\/wp-json\/wp\/v2\/types\/post"}],"author":[{"embeddable":true,"href":"https:\/\/smartcity.bamberg.de\/les\/wp-json\/wp\/v2\/users\/4"}],"replies":[{"embeddable":true,"href":"https:\/\/smartcity.bamberg.de\/les\/wp-json\/wp\/v2\/comments?post=7075"}],"version-history":[{"count":4,"href":"https:\/\/smartcity.bamberg.de\/les\/wp-json\/wp\/v2\/posts\/7075\/revisions"}],"predecessor-version":[{"id":7160,"href":"https:\/\/smartcity.bamberg.de\/les\/wp-json\/wp\/v2\/posts\/7075\/revisions\/7160"}],"wp:featuredmedia":[{"embeddable":true,"href":"https:\/\/smartcity.bamberg.de\/les\/wp-json\/wp\/v2\/media\/7079"}],"wp:attachment":[{"href":"https:\/\/smartcity.bamberg.de\/les\/wp-json\/wp\/v2\/media?parent=7075"}],"wp:term":[{"taxonomy":"category","embeddable":true,"href":"https:\/\/smartcity.bamberg.de\/les\/wp-json\/wp\/v2\/categories?post=7075"}],"curies":[{"name":"wp","href":"https:\/\/api.w.org\/{rel}","templated":true}]}}