{"id":7085,"date":"2026-03-13T15:00:00","date_gmt":"2026-03-13T14:00:00","guid":{"rendered":"https:\/\/smartcity.bamberg.de\/?p=7085"},"modified":"2026-03-12T14:16:58","modified_gmt":"2026-03-12T13:16:58","slug":"mehr-digitale-souveraenitaet-fuer-bamberg","status":"publish","type":"post","link":"https:\/\/smartcity.bamberg.de\/les\/mehr-digitale-souveraenitaet-fuer-bamberg\/","title":{"rendered":"Mehr digitale Souver\u00e4nit\u00e4t f\u00fcr Bamberg"},"content":{"rendered":"<section class=\"container-fluid bg-white px-0 pt-5 pt-md-5\">\n                    <div class=\"container px-3\">\n<p><strong>Die digitalen Anwendungen von Smart City Bamberg sorgen f\u00fcr mehr Unabh\u00e4ngigkeit von Tech-Giganten und digitale Resilienz f\u00fcr Verwaltung und Gesellschaft.<\/strong><\/p>\n<\/div>\n                <\/section>\n\n<section class=\"container-fluid bg-white px-0 pt-5 pt-md-5\">\n                    <div class=\"container px-3\">\n<p>Nicht erst seit dem gro\u00dffl\u00e4chigen IT-Ausfall im Juli 2024, bei dem Windows-Rechner weltweit abst\u00fcrzten und Flugh\u00e4fen, Banken, Krankenh\u00e4user und Unternehmen lahmlegten, wird viel \u00fcber die Abh\u00e4ngigkeit von gro\u00dfen Tech-Unternehmen diskutiert. Dabei betrifft diese Abh\u00e4ngigkeit l\u00e4ngst nicht nur Beh\u00f6rden, Wirtschaft und \u00f6ffentliche Einrichtungen, sondern auch die Zivilgesellschaft. Unser (Arbeits-)Alltag wird bestimmt von digitalen Anwendungen, die meist in den H\u00e4nden ausl\u00e4ndischer Unternehmen liegen. Microsoft, Google, Android, iOS\/Apple, Facebook\/Meta \u2013 sie alle haben sich seit Jahren etabliert und sind (vermeintlich) nicht mehr wegzudenken. Dabei ist diese Abh\u00e4ngigkeit nicht ohne Risiko, egal ob es um die Speicherung personenbezogener Daten, stetig steigende Lizenzgeb\u00fchren oder gar die Erpressbarkeit in Zeiten geopolitischer Spannungen geht.<\/p>\n<\/div>\n                <\/section>\n\n<section class=\"container-fluid bg-white px-0 pt-5 pt-md-5\">\n                    <div class=\"container px-3\">\n<p><strong>Digitale Souver\u00e4nit\u00e4t als Gegenentwurf<\/strong><\/p>\n<\/div>\n                <\/section>\n\n<section class=\"container-fluid bg-white px-0 pt-5 pt-md-5\">\n                    <div class=\"container px-3\">\n<p>Digitale Souver\u00e4nit\u00e4t bezeichnet die F\u00e4higkeit von Staat, Wirtschaft und Gesellschaft, digitale Technologien, Infrastrukturen und Daten selbstbestimmt, sicher und unabh\u00e4ngig zu nutzen und zu gestalten. Hier setzt das Bundesf\u00f6rderprogramm \u201eModellprojekte Smart Cities\u201c an, zu dem seit November 2020 auch Bamberg geh\u00f6rt. <a>Ziel ist, digitale L\u00f6sungen zu entwickeln, die alle Kommunen bei sich einsetzen k\u00f6nnen, lizenzkostenfrei und unabh\u00e4ngig von Gro\u00dfkonzernen. <\/a>Anstatt kommerzielle Software einzukaufen, werden die L\u00f6sungen als Open Source Software entwickelt. Das bedeutet, dass der Code einer Software \u00f6ffentlich bereitgestellt wird, wodurch andere ihn nutzen oder auch weiterentwickeln k\u00f6nnen. <a>So sind Kommunen in der Lage, ihre digitalen Anwendungen selbst zu betreiben, zu steuern und gemeinwohlorientiert einzusetzen.<\/a><\/p>\n<\/div>\n                <\/section>\n\n<section class=\"container-fluid bg-white px-0 pt-5 pt-md-5\">\n                    <div class=\"container px-3\">\n<p><strong>Smarte Anwendungen f\u00fcr ein sicheres und unabh\u00e4ngiges Bamberg<\/strong><\/p>\n<\/div>\n                <\/section>\n\n<section class=\"container-fluid bg-white px-0 pt-5 pt-md-5\">\n                    <div class=\"container px-3\">\n<p><a>Das Programm Smart City der Stadt Bamberg setzt bei der Entwicklung seiner Anwendungen bewusst auf digitale Souver\u00e4nit\u00e4t. <\/a>\u201eDigitale Souver\u00e4nit\u00e4t hei\u00dft f\u00fcr mich: Wir sitzen selbst am Steuer unserer digitalen Infrastruktur und niemand kann uns von au\u00dfen pl\u00f6tzlich die Richtung vorgeben\u201c, erkl\u00e4rt Franz Sch\u00e4fer, der als Datenarchitekt die technische Infrastruktur in ihren Gesamtzusammenh\u00e4ngen betreut. \u201eSo st\u00e4rkt die Stadt ihre Handlungsf\u00e4higkeit und sorgt daf\u00fcr, dass wichtige digitale Angebote auch dann zuverl\u00e4ssig funktionieren, wenn es mal anderswo hakt.\u201c<\/p>\n<\/div>\n                <\/section>\n\n<section class=\"container-fluid bg-white px-0 pt-5 pt-md-5\">\n                    <div class=\"container px-3\">\n<p>Beispielsweise schafft eine st\u00e4dtische Datenplattform eine sichere Basis f\u00fcr eine effizientere Verwaltung, in der Datenfl\u00fcsse zwischen den Fach\u00e4mtern optimiert und Prozesse beschleunigt werden. Die Engagement-Plattform \u201eBamberg-Miteinander.de\u201c wiederum bietet Vereinen und Initiativen eine gesch\u00fctzte Arbeitsumgebung, fernab von werbefinanzierten sozialen Netzwerken, Messenger- und Cloud-Diensten. Und auch das Ferienportal des Jugendamtes wurde im Rahmen von Smart City Bamberg neu aufgesetzt, sodass es nun von Stadt und Landkreis Bamberg anbieterunabh\u00e4ngig betrieben werden kann.<\/p>\n<\/div>\n                <\/section>\n\n<section class=\"container-fluid bg-white px-0 pt-5 pt-md-5\">\n                    <div class=\"container px-3\">\n<p><strong>Digitale Souver\u00e4nit\u00e4t auf dem Pr\u00fcfstand<\/strong><\/p>\n<\/div>\n                <\/section>\n\n<section class=\"container-fluid bg-white px-0 pt-5 pt-md-5\">\n                    <div class=\"container px-3\">\n<p>Um zu pr\u00fcfen, wie es um die digitale Souver\u00e4nit\u00e4t der Bamberger Anwendungen steht, kam k\u00fcrzlich ein <a>Bewertungsinstrument der Technischen Universit\u00e4t M\u00fcnchen (TUM)<\/a> zum Einsatz. Gepr\u00fcft wurden dabei Aspekte wie Monopolisierung, Quelloffenheit, standardisierte Dateiformate und Schnittstellen, Rechtsstandort und Datenhoheit. Mit \u00fcberaus positivem Ergebnis, erreichten doch alle der gepr\u00fcften Anwendungen Bestnoten bei den Souver\u00e4nit\u00e4tswerten. So wird Bamberg f\u00fcr alle ein gutes St\u00fcck sicherer und unabh\u00e4ngiger!<\/p>\n<\/div>\n                <\/section>\n\n<section class=\"container-fluid bg-white px-0 pt-5 pt-md-5\">\n                    <div class=\"container px-3\">\n<p><\/p>\n<\/div>\n                <\/section>\n\n<section class=\"container-fluid bg-white px-0 pt-5 pt-md-5\">\n                    <div class=\"container px-3\">\n<p><em>Foto: Datenarchitekt Franz Sch\u00e4fer mit den Ergebnissen f\u00fcr die Bamberg-App, getestet auf www. digital-sovereignty.net<\/em><\/p>\n<\/div>\n                <\/section>\n\n<section class=\"container-fluid bg-white px-0 pt-5 pt-md-5\">\n                    <div class=\"container px-3\">\n<p><\/p>\n<\/div>\n                <\/section>","protected":false},"excerpt":{"rendered":"<p>Smart City Bamberg sorgt f\u00fcr mehr Unabh\u00e4ngigkeit von Tech-Giganten und digitale Resilienz f\u00fcr Verwaltung und Gesellschaft.<\/p>\n","protected":false},"author":4,"featured_media":7086,"comment_status":"open","ping_status":"open","sticky":false,"template":"","format":"standard","meta":{"_acf_changed":false,"footnotes":""},"categories":[121],"class_list":["post-7085","post","type-post","status-publish","format-standard","has-post-thumbnail","hentry","category-programm-smart-city-2"],"acf":[],"_links":{"self":[{"href":"https:\/\/smartcity.bamberg.de\/les\/wp-json\/wp\/v2\/posts\/7085","targetHints":{"allow":["GET"]}}],"collection":[{"href":"https:\/\/smartcity.bamberg.de\/les\/wp-json\/wp\/v2\/posts"}],"about":[{"href":"https:\/\/smartcity.bamberg.de\/les\/wp-json\/wp\/v2\/types\/post"}],"author":[{"embeddable":true,"href":"https:\/\/smartcity.bamberg.de\/les\/wp-json\/wp\/v2\/users\/4"}],"replies":[{"embeddable":true,"href":"https:\/\/smartcity.bamberg.de\/les\/wp-json\/wp\/v2\/comments?post=7085"}],"version-history":[{"count":1,"href":"https:\/\/smartcity.bamberg.de\/les\/wp-json\/wp\/v2\/posts\/7085\/revisions"}],"predecessor-version":[{"id":7089,"href":"https:\/\/smartcity.bamberg.de\/les\/wp-json\/wp\/v2\/posts\/7085\/revisions\/7089"}],"wp:featuredmedia":[{"embeddable":true,"href":"https:\/\/smartcity.bamberg.de\/les\/wp-json\/wp\/v2\/media\/7086"}],"wp:attachment":[{"href":"https:\/\/smartcity.bamberg.de\/les\/wp-json\/wp\/v2\/media?parent=7085"}],"wp:term":[{"taxonomy":"category","embeddable":true,"href":"https:\/\/smartcity.bamberg.de\/les\/wp-json\/wp\/v2\/categories?post=7085"}],"curies":[{"name":"wp","href":"https:\/\/api.w.org\/{rel}","templated":true}]}}