{"id":7365,"date":"2026-04-23T14:37:00","date_gmt":"2026-04-23T12:37:00","guid":{"rendered":"https:\/\/smartcity.bamberg.de\/?p=7365"},"modified":"2026-04-23T13:41:27","modified_gmt":"2026-04-23T11:41:27","slug":"ein-besonderer-tag-fuer-das-projekt-bakim","status":"publish","type":"post","link":"https:\/\/smartcity.bamberg.de\/les\/ein-besonderer-tag-fuer-das-projekt-bakim\/","title":{"rendered":"Ein besonderer Tag f\u00fcr das Projekt BaKIM"},"content":{"rendered":"<section class=\"container-fluid bg-white px-0 pt-5 pt-md-5\">\n                    <div class=\"container px-3\">\n<p>Nach vier Jahren Forschung und Entwicklung gehen wir mit unserer Webapplikation live: <a href=\"https:\/\/bakim.bamberg.de\/\">bakim.bamberg.de<\/a><\/p>\n<\/div>\n                <\/section>\n\n<section class=\"container-fluid bg-white px-0 pt-5 pt-md-5\">\n                    <div class=\"container px-3\">\n<p>Zur Ver\u00f6ffentlichung durften wir letzte Woche den Bayerischen Staatsminister f\u00fcr Digitales, Dr. Fabian Mehring, im Musikpavillon im Bamberger Hain begr\u00fc\u00dfen \u2013 ein passender Ort, denn genau hier stehen die B\u00e4ume, deren Schutz BaKIM dient. F\u00fcr die Stadt Bamberg hat der zweite B\u00fcrgermeister Jonas Gl\u00fcsenkamp Dr. Fabian Mehring in Empfang genommen. Mit dazu kamen der zuk\u00fcnftige Oberb\u00fcrgermeister Sebastian Niedermaier und die Stadtr\u00e4tin Melanie Huml.<\/p>\n<\/div>\n                <\/section>\n\n<section class=\"container-fluid bg-white px-0 pt-5 pt-md-5\">\n                    <div class=\"container px-3\">\n<p>Was kann die BaKIM WebApp? Das System analysiert hochaufl\u00f6sende Drohnenluftbilder mit KI-Verfahren und erkennt automatisiert Einzelb\u00e4ume, Baumarten, Vitalit\u00e4t und Sch\u00e4den wie Mistelbefall. F\u00f6rster:innen und Baumpfleger:innen erhalten damit ein Werkzeug, das gro\u00dfe Fl\u00e4chen schnell und zuverl\u00e4ssig auswerten kann \u2013 direkt im Browser, ohne lokale Softwareinstallation.<\/p>\n<\/div>\n                <\/section>\n\n<section class=\"container-fluid bg-white px-0 pt-5 pt-md-5\">\n                    <div class=\"container px-3\">\n<p>Bewusst modular gebaut: Die Architektur der Anwendung erlaubt es, zuk\u00fcnftig weitere Funktionen im Biomonitoring zu integrieren. Auch neue serverseitige Auswertungsmodule f\u00fcr Befliegungsdaten sind denkbar \u2013 etwa die Geb\u00e4udeerkennung, wie sie bereits in Niedersachsen eingesetzt wird. Damit schafft BaKIM die Basis einer erweiterbaren Plattform f\u00fcr die kommunale Fernerkundung.<\/p>\n<\/div>\n                <\/section>\n\n<section class=\"container-fluid bg-white px-0 pt-5 pt-md-5\">\n                    <div class=\"container px-3\">\n<p>Dieses Ergebnis w\u00e4re ohne das starke Team und die enge Zusammenarbeit zwischen Stadt und Universit\u00e4t nicht m\u00f6glich gewesen. Ein gro\u00dfer Dank geht an Johannes H\u00f6lzel und die Forstverwaltung der Stadt Bamberg, an Prof. Dr. Ute Schmid und den Lehrstuhl f\u00fcr Kognitive Systeme der Universit\u00e4t Bamberg sowie an Sascha G\u00f6tz und das gesamte Smart City Bamberg Programm. F\u00fcr die Weiterentwicklung zur Webapplikation sind wir sehr froh GFA als kompetenten Entwickler an unserer Seite zu haben.<\/p>\n<\/div>\n                <\/section>\n\n<section class=\"container-fluid bg-white px-0 pt-5 pt-md-5\">\n                    <div class=\"container px-3\">\n<p>Der gr\u00f6\u00dfte Dank geht an das Bayerische Staatsministerium f\u00fcr Digitales, welches BaKIM mit der F\u00f6rderung in Kommunal?Digital! \u00fcberhaupt erst erm\u00f6glicht hat. Und nat\u00fcrlich an das BMWSB f\u00fcr die Weiterf\u00f6rderung im MPSC Programm.<\/p>\n<\/div>\n                <\/section>","protected":false},"excerpt":{"rendered":"<p>Die Anwendung geht online und der Bayerische Staatsminister f\u00fcr Digitales war zu Besuch.<\/p>\n","protected":false},"author":1016,"featured_media":7366,"comment_status":"open","ping_status":"open","sticky":false,"template":"","format":"standard","meta":{"_acf_changed":false,"footnotes":""},"categories":[130],"class_list":["post-7365","post","type-post","status-publish","format-standard","has-post-thumbnail","hentry","category-bakim"],"acf":[],"_links":{"self":[{"href":"https:\/\/smartcity.bamberg.de\/les\/wp-json\/wp\/v2\/posts\/7365","targetHints":{"allow":["GET"]}}],"collection":[{"href":"https:\/\/smartcity.bamberg.de\/les\/wp-json\/wp\/v2\/posts"}],"about":[{"href":"https:\/\/smartcity.bamberg.de\/les\/wp-json\/wp\/v2\/types\/post"}],"author":[{"embeddable":true,"href":"https:\/\/smartcity.bamberg.de\/les\/wp-json\/wp\/v2\/users\/1016"}],"replies":[{"embeddable":true,"href":"https:\/\/smartcity.bamberg.de\/les\/wp-json\/wp\/v2\/comments?post=7365"}],"version-history":[{"count":1,"href":"https:\/\/smartcity.bamberg.de\/les\/wp-json\/wp\/v2\/posts\/7365\/revisions"}],"predecessor-version":[{"id":7369,"href":"https:\/\/smartcity.bamberg.de\/les\/wp-json\/wp\/v2\/posts\/7365\/revisions\/7369"}],"wp:featuredmedia":[{"embeddable":true,"href":"https:\/\/smartcity.bamberg.de\/les\/wp-json\/wp\/v2\/media\/7366"}],"wp:attachment":[{"href":"https:\/\/smartcity.bamberg.de\/les\/wp-json\/wp\/v2\/media?parent=7365"}],"wp:term":[{"taxonomy":"category","embeddable":true,"href":"https:\/\/smartcity.bamberg.de\/les\/wp-json\/wp\/v2\/categories?post=7365"}],"curies":[{"name":"wp","href":"https:\/\/api.w.org\/{rel}","templated":true}]}}